{"id":455621,"date":"2017-01-25T11:41:15","date_gmt":"2017-01-25T17:41:15","guid":{"rendered":"https:\/\/www.futboltotal.com.mx\/?p=455621"},"modified":"2017-01-25T13:00:19","modified_gmt":"2017-01-25T19:00:19","slug":"la-volpe-me-mentaba-la-madre","status":"publish","type":"post","link":"http:\/\/desarrollo.grupomedios.com\/futbol\/futbol-mexicano\/la-volpe-me-mentaba-la-madre\/2017\/01","title":{"rendered":"Isaac Terrazas: &#8220;La Volpe me mentaba la madre en el Am\u00e9rica&#8221;"},"content":{"rendered":"<p>El ex futbolista mexicano <strong>Isaac Terrazas<\/strong>, recordado por su etapa con el <strong>Am\u00e9rica<\/strong> as\u00ed como por su fuerza excesiva para luchar por el bal\u00f3n, sigui\u00f3 con sus declaraciones en contra del actual t\u00e9cnico de las <em>\u00c1guilas,<\/em> <strong>Ricardo La Volpe<\/strong>.<\/p>\n<p>En entrevista con Fox Sports, Terrazas se\u00f1al\u00f3 el maltrato del que son v\u00edctima los jugadores dirigidos por el <em>Bigot\u00f3n<\/em>, mismo que \u00e9l vivi\u00f3 en carne propia durante la primera etapa de La Volpe al frente de los azulcremas.<\/p>\n<p>&#8220;A mis 23 a\u00f1os, (La Volpe) me mentaba la madre, a m\u00ed no me mienta la madre ni \u00e9l ni un directivo ni una persona que yo no le falte al respeto, pero como era chavito me la ten\u00eda que comer&#8221;, coment\u00f3 el tambi\u00e9n ex jugador de Veracruz.<\/p>\n<p style=\"text-align: center;\"><a href=\"https:\/\/www.futboltotal.com.mx\/2017\/01\/ex-del-america-ataca-a-la-volpe-nefasto\/\">VER M\u00c1S: EX DEL AM\u00c9RICA ATACA A LA VOLPE: &#8220;ES NEFASTO&#8221;<\/a><\/p>\n<p>Terrazas no dej\u00f3 pasar la oportunidad de criticar una vez m\u00e1s que el t\u00e9cnico argentino sin identificaci\u00f3n con el americanismo, adem\u00e1s de que le gusta tener todo el poder.<\/p>\n<p>&#8220;En sus ultimas declaraciones, pareciera que nos est\u00e1 haciendo un favor al americanismo. Que tenga un poco de respeto a la instituci\u00f3n que le dio la oportunidad nuevamente (&#8230;) (es) una persona que quiere direccionar todo, que quiere que todo se maneje a su forma&#8221;, concluy\u00f3.<\/p>\n<p style=\"text-align: center;\"><a href=\"https:\/\/www.futboltotal.com.mx\/2017\/01\/la-volpe-destruye-al-america-antonio-carlos-santos\/\">VER M\u00c1S: LA VOLPE DESTRUYE AL AM\u00c9RICA: ANTONIO CARLOS SANTOS<\/a><\/p>\n<p class=\"p1\"><span class=\"s1\"><b>S\u00edguenos en Twitter<\/b>:\u00a0<a href=\"https:\/\/twitter.com\/MXFutbolTotal\"><span class=\"s2\">@MXFutbolTotal<\/span><\/a><\/span><\/p>\n","protected":false},"excerpt":{"rendered":"<p>Terrazas se\u00f1al\u00f3 el maltrato del que son v\u00edctima los jugadores dirigidos por el Bigot\u00f3n.<\/p>\n","protected":false},"author":20,"featured_media":455623,"comment_status":"closed","ping_status":"closed","sticky":false,"template":"","format":"standard","meta":[],"categories":[2198,3845],"tags":[1585,5959,8101,7440,64,7648,767,8100],"_links":{"self":[{"href":"http:\/\/desarrollo.grupomedios.com\/futbol\/wp-json\/wp\/v2\/posts\/455621"}],"collection":[{"href":"http:\/\/desarrollo.grupomedios.com\/futbol\/wp-json\/wp\/v2\/posts"}],"about":[{"href":"http:\/\/desarrollo.grupomedios.com\/futbol\/wp-json\/wp\/v2\/types\/post"}],"author":[{"embeddable":true,"href":"http:\/\/desarrollo.grupomedios.com\/futbol\/wp-json\/wp\/v2\/users\/20"}],"replies":[{"embeddable":true,"href":"http:\/\/desarrollo.grupomedios.com\/futbol\/wp-json\/wp\/v2\/comments?post=455621"}],"version-history":[{"count":0,"href":"http:\/\/desarrollo.grupomedios.com\/futbol\/wp-json\/wp\/v2\/posts\/455621\/revisions"}],"wp:featuredmedia":[{"embeddable":true,"href":"http:\/\/desarrollo.grupomedios.com\/futbol\/wp-json\/wp\/v2\/media\/455623"}],"wp:attachment":[{"href":"http:\/\/desarrollo.grupomedios.com\/futbol\/wp-json\/wp\/v2\/media?parent=455621"}],"wp:term":[{"taxonomy":"category","embeddable":true,"href":"http:\/\/desarrollo.grupomedios.com\/futbol\/wp-json\/wp\/v2\/categories?post=455621"},{"taxonomy":"post_tag","embeddable":true,"href":"http:\/\/desarrollo.grupomedios.com\/futbol\/wp-json\/wp\/v2\/tags?post=455621"}],"curies":[{"name":"wp","href":"https:\/\/api.w.org\/{rel}","templated":true}]}}