{"id":455625,"date":"2017-01-25T11:45:18","date_gmt":"2017-01-25T17:45:18","guid":{"rendered":"https:\/\/www.futboltotal.com.mx\/?p=455625"},"modified":"2017-01-25T11:49:26","modified_gmt":"2017-01-25T17:49:26","slug":"jugador-del-real-madrid-prepara-maletas-irse-a-china","status":"publish","type":"post","link":"http:\/\/desarrollo.grupomedios.com\/futbol\/futbol-internacional\/jugador-del-real-madrid-prepara-maletas-irse-a-china\/2017\/01","title":{"rendered":"Un jugador del Real Madrid prepara maletas para irse a China"},"content":{"rendered":"<p>El rumor ten\u00eda algunas semanas dando vueltas y ahora parece que se ha confirmado: uno de los integrantes del <strong>Real Madrid<\/strong> abandonar\u00e1 al club la siguiente temporada y se marchar\u00e1 al emergente futbol chino.<\/p>\n<p>Seg\u00fan informaci\u00f3n surgida en Espa\u00f1a, el jugador que abandonar\u00e1 el vestuario del Santiago Bernab\u00e9u es Pepe, quien ha tomado la decisi\u00f3n considerando m\u00e1s de un argumento.<\/p>\n<p style=\"text-align: center;\"><a href=\"https:\/\/www.futboltotal.com.mx\/2016\/12\/pepe-parece-vez-lejos-del-real-madrid\/\" target=\"_blank\"><span style=\"color: #3366ff;\"><strong>LEER M\u00c1S: El futuro de Pepe parece cada vez m\u00e1s lejos del Real Madrid<\/strong><\/span><\/a><\/p>\n<p>De acuerdo con el programa El Partidazo de la cadena COPE, el defensa central <em>Merengue<\/em> se convertir\u00e1 en refuerzo del Hebei China Fortune, equipo al que actualmente dirige Manuel Pellegrini.<\/p>\n<p>Por una parte, est\u00e1 el hecho de que el contrato de Pepe con el <strong>Madrid<\/strong> termina el 30 de junio de este a\u00f1o. Adem\u00e1s, con Sergio Ramos, Rapha\u00ebl Varane y hasta Nacho, la competencia por la titularidad en la central <em>Merengue<\/em> es dura.<\/p>\n<p style=\"text-align: center;\"><a href=\"https:\/\/www.futboltotal.com.mx\/2017\/01\/pepe-renovara-real-madrid\/\" target=\"_blank\"><span style=\"color: #3366ff;\"><strong>LEER M\u00c1S: Pepe sacrifica el dinero por el Real Madrid y Portugal<\/strong><\/span><\/a><\/p>\n<p>El zaguero portugu\u00e9s est\u00e1 viviendo su d\u00e9cima temporada en la <em>Casa Blanca<\/em> y aunque todav\u00eda dudaba si extender su estancia un a\u00f1o m\u00e1s -en parte para estar en primera l\u00ednea de cara el Mundial de Rusia 2018, seg\u00fan Marca-, la oferta que le ha llegado de China es irrechazable.<\/p>\n<p>La propuesta que ha recibido el a\u00fan jugador del <strong>Real Madrid<\/strong> es de casi 15 millones de euros por campa\u00f1a, por lo que el siguiente curso se convertir\u00e1 en jugador de la Super Liga China.<\/p>\n<p><a href=\"https:\/\/twitter.com\/MXFutbolTotal\" target=\"_blank\"><span style=\"color: #3366ff;\"><strong>S\u00edguenos en Twitter: @MXFutbolTotal<\/strong><\/span><\/a><\/p>\n","protected":false},"excerpt":{"rendered":"<p>El futbol de China y sus millones siguen tentando a jugadores que actualmente est\u00e1n en la elite.<\/p>\n","protected":false},"author":20,"featured_media":436493,"comment_status":"closed","ping_status":"closed","sticky":false,"template":"","format":"standard","meta":[],"categories":[3839,3844,5951],"tags":[831,1496,6013,253,76,2048,176,5080,5988,1504],"_links":{"self":[{"href":"http:\/\/desarrollo.grupomedios.com\/futbol\/wp-json\/wp\/v2\/posts\/455625"}],"collection":[{"href":"http:\/\/desarrollo.grupomedios.com\/futbol\/wp-json\/wp\/v2\/posts"}],"about":[{"href":"http:\/\/desarrollo.grupomedios.com\/futbol\/wp-json\/wp\/v2\/types\/post"}],"author":[{"embeddable":true,"href":"http:\/\/desarrollo.grupomedios.com\/futbol\/wp-json\/wp\/v2\/users\/20"}],"replies":[{"embeddable":true,"href":"http:\/\/desarrollo.grupomedios.com\/futbol\/wp-json\/wp\/v2\/comments?post=455625"}],"version-history":[{"count":0,"href":"http:\/\/desarrollo.grupomedios.com\/futbol\/wp-json\/wp\/v2\/posts\/455625\/revisions"}],"wp:featuredmedia":[{"embeddable":true,"href":"http:\/\/desarrollo.grupomedios.com\/futbol\/wp-json\/wp\/v2\/media\/436493"}],"wp:attachment":[{"href":"http:\/\/desarrollo.grupomedios.com\/futbol\/wp-json\/wp\/v2\/media?parent=455625"}],"wp:term":[{"taxonomy":"category","embeddable":true,"href":"http:\/\/desarrollo.grupomedios.com\/futbol\/wp-json\/wp\/v2\/categories?post=455625"},{"taxonomy":"post_tag","embeddable":true,"href":"http:\/\/desarrollo.grupomedios.com\/futbol\/wp-json\/wp\/v2\/tags?post=455625"}],"curies":[{"name":"wp","href":"https:\/\/api.w.org\/{rel}","templated":true}]}}