{"id":455643,"date":"2017-01-25T13:39:05","date_gmt":"2017-01-25T19:39:05","guid":{"rendered":"https:\/\/www.futboltotal.com.mx\/?p=455643"},"modified":"2017-01-25T13:57:25","modified_gmt":"2017-01-25T19:57:25","slug":"autoridades-francesas-investigaran-actos-racistas-contra-balotelli","status":"publish","type":"post","link":"http:\/\/desarrollo.grupomedios.com\/futbol\/futbol-internacional\/autoridades-francesas-investigaran-actos-racistas-contra-balotelli\/2017\/01","title":{"rendered":"Autoridades francesas investigar\u00e1n racismo contra Balotelli"},"content":{"rendered":"<p>La justicia francesa investigar\u00e1 los insultos racistas lanzados el pasado viernes en el estadio del Bastia contra el jugador italiano del Niza <strong>Mario Balotelli<\/strong>, mientras que el club corso anunci\u00f3 este mi\u00e9rcoles haber localizado a uno de sus autores.<\/p>\n<p>La Fiscal\u00eda de Bastia anunci\u00f3 que ha abierto una investigaci\u00f3n preliminar para determinar si esos insultos pueden constituir un delito de &#8220;incitaci\u00f3n al odio racista&#8221;.<\/p>\n<p>El jugador, italiano de origen ghan\u00e9s, asegur\u00f3 tras el encuentro, que acab\u00f3 1-1, que durante todo el partido un grupo de aficionados no hab\u00eda parado de hacer ruidos de mono, lo que consider\u00f3 como una alusi\u00f3n racista.<\/p>\n<p>&#8220;\u00bfEl racismo es legal en Francia? \u00bfO solo lo es en Bastia?&#8221;, escribi\u00f3 <em>super Mario<\/em> en su cuenta de Instagram. Por otro lado, el Bastia afirm\u00f3 haber encontrado, gracias a las im\u00e1genes de la televisi\u00f3n, a uno de los aficionados que hizo el grito del mono durante el calentamiento del partido.<\/p>\n<p style=\"text-align: center;\"><span style=\"color: #3366ff;\"><a style=\"color: #3366ff;\" href=\"https:\/\/www.futboltotal.com.mx\/2017\/01\/que-ha-sido-salvador-cabanas-a-7-anos-del-fatal-disparo\/\" target=\"_blank\"><strong>LEER M\u00c1S: \u00bfQu\u00e9 fue de Salvador Caba\u00f1as, a siete a\u00f1os del atentado?<\/strong><\/a><\/span><\/p>\n<p>La entidad se\u00f1al\u00f3 que se ve a varias personas propinando esos gritos, que consider\u00f3 &#8220;est\u00fapidos e inaceptables&#8221;, pero no los ha podido identificar por el momento. El club indic\u00f3 en un comunicado que se trata de un abonado al club de unos 40 a\u00f1os de edad que ha sido expulsado y al que se prohibir\u00e1 el acceso al estadio.<\/p>\n<p>El Bastia agreg\u00f3, adem\u00e1s, que ha pedido a las autoridades que esa prohibici\u00f3n de acceso al estadio sea extendida a otros campos del pa\u00eds, una prerrogativa que el club no tiene.<\/p>\n<p>La Liga de F\u00fatbol Profesional (LFP), por su parte, conden\u00f3 &#8220;con la mayor firmeza a los autores de esos hechos que no pintan nada en un estadio de f\u00fatbol&#8221;.<\/p>\n<p><strong>S\u00edguenos en Twitter:<\/strong> <a href=\"https:\/\/twitter.com\/MXFutbolTotal\" target=\"_blank\">@MXFutbolTotal<\/a><\/p>\n","protected":false},"excerpt":{"rendered":"<p>La justicia de Francia inicia b\u00fasqueda por insultos contra Super Mario en Bastia.<\/p>\n","protected":false},"author":144,"featured_media":455644,"comment_status":"closed","ping_status":"closed","sticky":false,"template":"","format":"standard","meta":[],"categories":[5419,3839],"tags":[5460,7947],"_links":{"self":[{"href":"http:\/\/desarrollo.grupomedios.com\/futbol\/wp-json\/wp\/v2\/posts\/455643"}],"collection":[{"href":"http:\/\/desarrollo.grupomedios.com\/futbol\/wp-json\/wp\/v2\/posts"}],"about":[{"href":"http:\/\/desarrollo.grupomedios.com\/futbol\/wp-json\/wp\/v2\/types\/post"}],"author":[{"embeddable":true,"href":"http:\/\/desarrollo.grupomedios.com\/futbol\/wp-json\/wp\/v2\/users\/144"}],"replies":[{"embeddable":true,"href":"http:\/\/desarrollo.grupomedios.com\/futbol\/wp-json\/wp\/v2\/comments?post=455643"}],"version-history":[{"count":0,"href":"http:\/\/desarrollo.grupomedios.com\/futbol\/wp-json\/wp\/v2\/posts\/455643\/revisions"}],"wp:featuredmedia":[{"embeddable":true,"href":"http:\/\/desarrollo.grupomedios.com\/futbol\/wp-json\/wp\/v2\/media\/455644"}],"wp:attachment":[{"href":"http:\/\/desarrollo.grupomedios.com\/futbol\/wp-json\/wp\/v2\/media?parent=455643"}],"wp:term":[{"taxonomy":"category","embeddable":true,"href":"http:\/\/desarrollo.grupomedios.com\/futbol\/wp-json\/wp\/v2\/categories?post=455643"},{"taxonomy":"post_tag","embeddable":true,"href":"http:\/\/desarrollo.grupomedios.com\/futbol\/wp-json\/wp\/v2\/tags?post=455643"}],"curies":[{"name":"wp","href":"https:\/\/api.w.org\/{rel}","templated":true}]}}