{"id":455645,"date":"2017-01-25T13:54:36","date_gmt":"2017-01-25T19:54:36","guid":{"rendered":"https:\/\/www.futboltotal.com.mx\/?p=455645"},"modified":"2017-01-25T13:55:45","modified_gmt":"2017-01-25T19:55:45","slug":"gullit-pena-seria-papa-de-mujer-que-no-es-su-esposa","status":"publish","type":"post","link":"http:\/\/desarrollo.grupomedios.com\/futbol\/futbol-mexicano\/gullit-pena-seria-papa-de-mujer-que-no-es-su-esposa\/2017\/01","title":{"rendered":"Gullit Pe\u00f1a ser\u00eda pap\u00e1 junto a mujer que no es su esposa"},"content":{"rendered":"<p>En poco tiempo <strong>Carlos Pe\u00f1a<\/strong> se ha convertido en un futbolista pol\u00e9mico, pues hace unas semanas estrell\u00f3 su carro tras salir de fiesta en Le\u00f3n. Ahora el futbolista de la Fiera podr\u00eda convertirse en pap\u00e1 en los pr\u00f3ximos meses junto a <strong>Denisse Collazo<\/strong>, mujer con la que le es infiel a <strong>Karla Pati\u00f1o<\/strong>, con la que lleva casado 10 a\u00f1os.<\/p>\n<p>La noticia comenz\u00f3 a sonar de forma fuerte a trav\u00e9s de las redes sociales de<strong> Denisse,<\/strong> pues en varias fotos ha salido presumiendo su vientre e incluso gran parte de sus seguidores la felicitan por el embarazo que a\u00fan no se confirma.<\/p>\n<p>A falta de una confirmaci\u00f3n oficial por parte de <strong>Denisse<\/strong>, esto causar\u00eda una nueva controversia en la vida de <strong>Carlos Pe\u00f1a<\/strong> a quien no le ha ido de la mejor forma en los \u00faltimos meses.<\/p>\n<p><a href=\"https:\/\/www.futboltotal.com.mx\/wp-content\/uploads\/2017\/01\/en\u0303a-dennise.jpg\"><img decoding=\"async\" loading=\"lazy\" class=\"alignnone size-full wp-image-455648\" src=\"https:\/\/www.futboltotal.com.mx\/wp-content\/uploads\/2017\/01\/en\u0303a-dennise.jpg\" alt=\"Gullit Pe\u00f1a ser\u00eda pap\u00e1 junto a mujer que no es su esposa 0\" srcset=\"http:\/\/desarrollo.grupomedios.com\/futbol\/wp-content\/uploads\/2017\/01\/en\u0303a-dennise.jpg 1136w, http:\/\/desarrollo.grupomedios.com\/futbol\/wp-content\/uploads\/2017\/01\/en\u0303a-dennise-300x169.jpg 300w, http:\/\/desarrollo.grupomedios.com\/futbol\/wp-content\/uploads\/2017\/01\/en\u0303a-dennise-768x432.jpg 768w, http:\/\/desarrollo.grupomedios.com\/futbol\/wp-content\/uploads\/2017\/01\/en\u0303a-dennise-1024x576.jpg 1024w, http:\/\/desarrollo.grupomedios.com\/futbol\/wp-content\/uploads\/2017\/01\/en\u0303a-dennise-317x178.jpg 317w, http:\/\/desarrollo.grupomedios.com\/futbol\/wp-content\/uploads\/2017\/01\/en\u0303a-dennise-535x301.jpg 535w, http:\/\/desarrollo.grupomedios.com\/futbol\/wp-content\/uploads\/2017\/01\/en\u0303a-dennise-374x210.jpg 374w\" sizes=\"(max-width: 1136px) 100vw, 1136px\" \/><\/a><\/p>\n","protected":false},"excerpt":{"rendered":"<p>Pe\u00f1a podr\u00eda ser padre en los pr\u00f3ximos meses.<\/p>\n","protected":false},"author":20,"featured_media":455649,"comment_status":"closed","ping_status":"closed","sticky":false,"template":"","format":"standard","meta":[],"categories":[5419,2198,3845],"tags":[1781,1754],"_links":{"self":[{"href":"http:\/\/desarrollo.grupomedios.com\/futbol\/wp-json\/wp\/v2\/posts\/455645"}],"collection":[{"href":"http:\/\/desarrollo.grupomedios.com\/futbol\/wp-json\/wp\/v2\/posts"}],"about":[{"href":"http:\/\/desarrollo.grupomedios.com\/futbol\/wp-json\/wp\/v2\/types\/post"}],"author":[{"embeddable":true,"href":"http:\/\/desarrollo.grupomedios.com\/futbol\/wp-json\/wp\/v2\/users\/20"}],"replies":[{"embeddable":true,"href":"http:\/\/desarrollo.grupomedios.com\/futbol\/wp-json\/wp\/v2\/comments?post=455645"}],"version-history":[{"count":0,"href":"http:\/\/desarrollo.grupomedios.com\/futbol\/wp-json\/wp\/v2\/posts\/455645\/revisions"}],"wp:featuredmedia":[{"embeddable":true,"href":"http:\/\/desarrollo.grupomedios.com\/futbol\/wp-json\/wp\/v2\/media\/455649"}],"wp:attachment":[{"href":"http:\/\/desarrollo.grupomedios.com\/futbol\/wp-json\/wp\/v2\/media?parent=455645"}],"wp:term":[{"taxonomy":"category","embeddable":true,"href":"http:\/\/desarrollo.grupomedios.com\/futbol\/wp-json\/wp\/v2\/categories?post=455645"},{"taxonomy":"post_tag","embeddable":true,"href":"http:\/\/desarrollo.grupomedios.com\/futbol\/wp-json\/wp\/v2\/tags?post=455645"}],"curies":[{"name":"wp","href":"https:\/\/api.w.org\/{rel}","templated":true}]}}