{"id":455668,"date":"2017-01-25T14:26:47","date_gmt":"2017-01-25T20:26:47","guid":{"rendered":"https:\/\/www.futboltotal.com.mx\/?p=455668"},"modified":"2017-01-25T18:34:26","modified_gmt":"2017-01-26T00:34:26","slug":"modificaran-escudo-del-real-madrid","status":"publish","type":"post","link":"http:\/\/desarrollo.grupomedios.com\/futbol\/futbol-internacional\/modificaran-escudo-del-real-madrid\/2017\/01","title":{"rendered":"\u00a1Modificar\u00e1n escudo del Real Madrid!"},"content":{"rendered":"<p><strong>Real Madrid<\/strong> lleg\u00f3 a un acuerdo con <em>Marka<\/em>, grupo de distribuci\u00f3n minorista de los Emiratos \u00c1rabes Unidos, para la venta, fabricaci\u00f3n y reparto de uniformes del conjunto merengue en Medio Oriente, espec\u00edficamente en el pa\u00eds de origen de la empresa ar\u00e1biga, adem\u00e1s de Arabia Saud\u00ed, Qatar, Kuwait, Bahrei y Om\u00e1n.<\/p>\n<p>Pero para que <em>Marka<\/em> tenga un rendimiento \u00f3ptimo en el mercado, amputar\u00e1 la cruz del escudo del <strong>Real Madrid<\/strong>, con el fin de que no se afecten sensibilidades culturales en las regiones donde estar\u00e1 a la venta el uniforme merengue, ya que los pa\u00edses donde ser\u00e1 distribuido ,cuentan con una poblaci\u00f3n mayoritariamente musulmana.<\/p>\n<p style=\"text-align: center;\"><span style=\"color: #3366ff;\"><a style=\"color: #3366ff;\" href=\"https:\/\/www.futboltotal.com.mx\/2017\/01\/autoridades-francesas-investigaran-actos-racistas-contra-balotelli\/\" target=\"_blank\"><strong>LEER M\u00c1S: Autoridades francesas investigan racismo contra Balotelli<\/strong><\/a><\/span><\/p>\n<p>\u201cTenemos que ser cuidadosos con regiones del Golfo d\u00f3nde existe sensibilidad sobre productos que tienen una cruz\u201d, explic\u00f3 Khaled al-Mheiri, vicepresidente de Marka.<\/p>\n<p>S\u00edguenos en Twitter: <a href=\"https:\/\/twitter.com\/MXFutbolTotal\" target=\"_blank\">@MXFutbolTotal<\/a><\/p>\n","protected":false},"excerpt":{"rendered":"<p>La medida s\u00f3lo ser\u00e1 implementada en Medio Oriente, para evitar conflictos culturales.<\/p>\n","protected":false},"author":20,"featured_media":455672,"comment_status":"closed","ping_status":"closed","sticky":false,"template":"","format":"standard","meta":[],"categories":[3839,3844],"tags":[5460,5988],"_links":{"self":[{"href":"http:\/\/desarrollo.grupomedios.com\/futbol\/wp-json\/wp\/v2\/posts\/455668"}],"collection":[{"href":"http:\/\/desarrollo.grupomedios.com\/futbol\/wp-json\/wp\/v2\/posts"}],"about":[{"href":"http:\/\/desarrollo.grupomedios.com\/futbol\/wp-json\/wp\/v2\/types\/post"}],"author":[{"embeddable":true,"href":"http:\/\/desarrollo.grupomedios.com\/futbol\/wp-json\/wp\/v2\/users\/20"}],"replies":[{"embeddable":true,"href":"http:\/\/desarrollo.grupomedios.com\/futbol\/wp-json\/wp\/v2\/comments?post=455668"}],"version-history":[{"count":0,"href":"http:\/\/desarrollo.grupomedios.com\/futbol\/wp-json\/wp\/v2\/posts\/455668\/revisions"}],"wp:featuredmedia":[{"embeddable":true,"href":"http:\/\/desarrollo.grupomedios.com\/futbol\/wp-json\/wp\/v2\/media\/455672"}],"wp:attachment":[{"href":"http:\/\/desarrollo.grupomedios.com\/futbol\/wp-json\/wp\/v2\/media?parent=455668"}],"wp:term":[{"taxonomy":"category","embeddable":true,"href":"http:\/\/desarrollo.grupomedios.com\/futbol\/wp-json\/wp\/v2\/categories?post=455668"},{"taxonomy":"post_tag","embeddable":true,"href":"http:\/\/desarrollo.grupomedios.com\/futbol\/wp-json\/wp\/v2\/tags?post=455668"}],"curies":[{"name":"wp","href":"https:\/\/api.w.org\/{rel}","templated":true}]}}