{"id":455757,"date":"2017-01-25T16:33:42","date_gmt":"2017-01-25T22:33:42","guid":{"rendered":"https:\/\/www.futboltotal.com.mx\/?p=455757"},"modified":"2017-01-25T16:33:42","modified_gmt":"2017-01-25T22:33:42","slug":"cecilio-dominguez-mi-sucesor-en-america-cabanas","status":"publish","type":"post","link":"http:\/\/desarrollo.grupomedios.com\/futbol\/destacado-home\/cecilio-dominguez-mi-sucesor-en-america-cabanas\/2017\/01","title":{"rendered":"Cecilio Dom\u00ednguez, mi sucesor en Am\u00e9rica: Caba\u00f1as"},"content":{"rendered":"<p>El ex futbolista del <a href=\"http:\/\/www.futboltotal.com.mx\/equipos\/america\/\" target=\"_blank\">Am\u00e9rica<\/a>, <strong>Salvador Caba\u00f1as<\/strong>, est\u00e1 seguro de que su compatriota, el delantero <strong>Cecilio Dom\u00ednguez<\/strong>, podr\u00e1 emular lo que \u00e9l hizo en el conjunto <em>azulcrema<\/em>, s\u00f3lo es cuesti\u00f3n de mantener una mentalidad positiva.<\/p>\n<p>\u201c(Es posible) por algo lo han contratado a <strong>Cecilio Dom\u00ednguez<\/strong>, hay mucha presi\u00f3n en ese club pero \u00e9l tiene que sobrellevar eso\u201d, explic\u00f3 <strong>Salvador Caba\u00f1as<\/strong>, en entrevista con Cardinal Deportivo de su natal Paraguay.<\/p>\n<p style=\"text-align: center;\"><span style=\"color: #3366ff;\"><a style=\"color: #3366ff;\" href=\"https:\/\/www.futboltotal.com.mx\/2017\/01\/los-atentados-recordados-en-futbol\/\" target=\"_blank\"><strong>LEER M\u00c1S: Atentados contra futbolistas&#8230;<\/strong><\/a><\/span><\/p>\n<p>Se han cumplido siete a\u00f1os del impacto de bala que recibi\u00f3 <strong>Salvador Caba\u00f1as<\/strong> en el <em>Bar Bar<\/em> de la Ciudad de M\u00e9xico, <a href=\"https:\/\/www.futboltotal.com.mx\/2017\/01\/que-ha-sido-salvador-cabanas-a-7-anos-del-fatal-disparo\/\" target=\"_blank\">atentado que lo oblig\u00f3<\/a> a dejar las canchas a nivel profesional y que dio un vuelco a su vida personal, pero ante todo, Chava siente que saldr\u00e1 adelante y cree que sus compatriotas (deportistas) tambi\u00e9n lo har\u00e1n.<\/p>\n<p style=\"text-align: center;\"><span style=\"color: #3366ff;\"><a style=\"color: #3366ff;\" href=\"https:\/\/www.futboltotal.com.mx\/2017\/01\/que-ha-sido-salvador-cabanas-a-7-anos-del-fatal-disparo\/\" target=\"_blank\"><strong>LEER M\u00c1S: Qu\u00e9 fue de Salvador Caba\u00f1as<\/strong><\/a><\/span><\/p>\n<p><strong>S\u00edguenos en Twitter:<\/strong> <a href=\"https:\/\/twitter.com\/MXFutbolTotal\" target=\"_blank\">@MXFutbolTotal<\/a><\/p>\n","protected":false},"excerpt":{"rendered":"<p>El ex futbolista paraguayo conf\u00eda en que su compatriota lo iguale.<\/p>\n","protected":false},"author":20,"featured_media":455761,"comment_status":"closed","ping_status":"closed","sticky":false,"template":"","format":"standard","meta":[],"categories":[5,2198,3845],"tags":[5959,951],"_links":{"self":[{"href":"http:\/\/desarrollo.grupomedios.com\/futbol\/wp-json\/wp\/v2\/posts\/455757"}],"collection":[{"href":"http:\/\/desarrollo.grupomedios.com\/futbol\/wp-json\/wp\/v2\/posts"}],"about":[{"href":"http:\/\/desarrollo.grupomedios.com\/futbol\/wp-json\/wp\/v2\/types\/post"}],"author":[{"embeddable":true,"href":"http:\/\/desarrollo.grupomedios.com\/futbol\/wp-json\/wp\/v2\/users\/20"}],"replies":[{"embeddable":true,"href":"http:\/\/desarrollo.grupomedios.com\/futbol\/wp-json\/wp\/v2\/comments?post=455757"}],"version-history":[{"count":0,"href":"http:\/\/desarrollo.grupomedios.com\/futbol\/wp-json\/wp\/v2\/posts\/455757\/revisions"}],"wp:featuredmedia":[{"embeddable":true,"href":"http:\/\/desarrollo.grupomedios.com\/futbol\/wp-json\/wp\/v2\/media\/455761"}],"wp:attachment":[{"href":"http:\/\/desarrollo.grupomedios.com\/futbol\/wp-json\/wp\/v2\/media?parent=455757"}],"wp:term":[{"taxonomy":"category","embeddable":true,"href":"http:\/\/desarrollo.grupomedios.com\/futbol\/wp-json\/wp\/v2\/categories?post=455757"},{"taxonomy":"post_tag","embeddable":true,"href":"http:\/\/desarrollo.grupomedios.com\/futbol\/wp-json\/wp\/v2\/tags?post=455757"}],"curies":[{"name":"wp","href":"https:\/\/api.w.org\/{rel}","templated":true}]}}