{"id":455767,"date":"2017-01-25T16:57:18","date_gmt":"2017-01-25T22:57:18","guid":{"rendered":"https:\/\/www.futboltotal.com.mx\/?p=455767"},"modified":"2017-01-25T16:57:18","modified_gmt":"2017-01-25T22:57:18","slug":"espectacular-golazo-sergi-enrich-al-atletico-madrid","status":"publish","type":"post","link":"http:\/\/desarrollo.grupomedios.com\/futbol\/futbol-internacional\/espectacular-golazo-sergi-enrich-al-atletico-madrid\/2017\/01","title":{"rendered":"El espectacular golazo de Sergi Enrich al Atl\u00e9tico de Madrid"},"content":{"rendered":"<p>Este mi\u00e9rcoles, comenzaron a disputarse los partidos de vuelta de la ronda de cuartos de final de la Copa del Rey y el <strong>Atl\u00e9tico de Madrid<\/strong> consigui\u00f3 su pase a la siguiente fase.<\/p>\n<p>Los <em>Colchoneros<\/em> visitaron el Estadio Municipal de Ipur\u00faa para cerrar la serie frente al Eibar. El partido de ida, disputado el jueves de la semana pasada en el Vicente Calder\u00f3n, hab\u00eda finalizado 3-0 a favor del cuadro de Simeone.<\/p>\n<p style=\"text-align: center;\"><a href=\"https:\/\/www.futboltotal.com.mx\/2017\/01\/el-atletico-de-madrid-quema-dinero-asegura-su-inversionista\/\" target=\"_blank\"><span style=\"color: #3366ff;\"><strong>LEER M\u00c1S: &#8220;El Atl\u00e9tico de Madrid quema dinero&#8221;, asegura su inversionista<\/strong><\/span><\/a><\/p>\n<p>Este mi\u00e9rcoles, el encuentro termin\u00f3 con un empate a dos goles, lo que dio el pase al <em>Atleti<\/em> por el global de 5-2.<\/p>\n<p>Pero lo m\u00e1s espectacular del juego de vuelta estuvo a cargo de Sergi Enrich del Eibar, quien fue el anotador del 1-1.<\/p>\n<p style=\"text-align: center;\"><a href=\"https:\/\/www.futboltotal.com.mx\/2017\/01\/atletico-quiere-una-franquicia-en-mexico\/\" target=\"_blank\"><span style=\"color: #3366ff;\"><strong>LEER M\u00c1S: Atl\u00e9tico de Madrid quiere una franquicia en M\u00e9xico<\/strong><\/span><\/a><\/p>\n<p>Enrich caz\u00f3 un rebote que hab\u00eda chocado en el travesa\u00f1o e impact\u00f3 el bal\u00f3n de manera espectacular, con una suerte de <em>inglesita<\/em>.<\/p>\n<p>El video demuestra la calidad del gol que recibi\u00f3 el <strong>Atl\u00e9tico de Madrid<\/strong><\/p>\n<blockquote class=\"twitter-tweet\" data-lang=\"es\">\n<p dir=\"ltr\" lang=\"cy\">Sergi Enrich Goal &#8211; Eibar vs Atletico Madrid 2-1 &#8211; Copa del Rey Jan 25th, 2017 <a href=\"https:\/\/t.co\/ZmdAtR1uuZ\">https:\/\/t.co\/ZmdAtR1uuZ<\/a><\/p>\n<p>\u2014 We Stream #Football (@CristianoJr07) <a href=\"https:\/\/twitter.com\/CristianoJr07\/status\/824345473087586304\">25 de enero de 2017<\/a><\/p><\/blockquote>\n<p><script async src=\"\/\/platform.twitter.com\/widgets.js\" charset=\"utf-8\"><\/script><\/p>\n","protected":false},"excerpt":{"rendered":"<p>Los Colchoneros avanzaron a las semifinales de la Copa del Rey con marcador global de 5-2.<\/p>\n","protected":false},"author":20,"featured_media":434438,"comment_status":"closed","ping_status":"closed","sticky":false,"template":"","format":"standard","meta":[],"categories":[3839,3844,5951],"tags":[5128,2047,6007,7661,96,5256,3079],"_links":{"self":[{"href":"http:\/\/desarrollo.grupomedios.com\/futbol\/wp-json\/wp\/v2\/posts\/455767"}],"collection":[{"href":"http:\/\/desarrollo.grupomedios.com\/futbol\/wp-json\/wp\/v2\/posts"}],"about":[{"href":"http:\/\/desarrollo.grupomedios.com\/futbol\/wp-json\/wp\/v2\/types\/post"}],"author":[{"embeddable":true,"href":"http:\/\/desarrollo.grupomedios.com\/futbol\/wp-json\/wp\/v2\/users\/20"}],"replies":[{"embeddable":true,"href":"http:\/\/desarrollo.grupomedios.com\/futbol\/wp-json\/wp\/v2\/comments?post=455767"}],"version-history":[{"count":0,"href":"http:\/\/desarrollo.grupomedios.com\/futbol\/wp-json\/wp\/v2\/posts\/455767\/revisions"}],"wp:featuredmedia":[{"embeddable":true,"href":"http:\/\/desarrollo.grupomedios.com\/futbol\/wp-json\/wp\/v2\/media\/434438"}],"wp:attachment":[{"href":"http:\/\/desarrollo.grupomedios.com\/futbol\/wp-json\/wp\/v2\/media?parent=455767"}],"wp:term":[{"taxonomy":"category","embeddable":true,"href":"http:\/\/desarrollo.grupomedios.com\/futbol\/wp-json\/wp\/v2\/categories?post=455767"},{"taxonomy":"post_tag","embeddable":true,"href":"http:\/\/desarrollo.grupomedios.com\/futbol\/wp-json\/wp\/v2\/tags?post=455767"}],"curies":[{"name":"wp","href":"https:\/\/api.w.org\/{rel}","templated":true}]}}