{"id":455795,"date":"2017-01-25T17:53:56","date_gmt":"2017-01-25T23:53:56","guid":{"rendered":"https:\/\/www.futboltotal.com.mx\/?p=455795"},"modified":"2017-01-25T17:54:29","modified_gmt":"2017-01-25T23:54:29","slug":"leon-se-deshace-futbolistas-japoneses-definitivamente","status":"publish","type":"post","link":"http:\/\/desarrollo.grupomedios.com\/futbol\/futbol-mexicano\/leon-se-deshace-futbolistas-japoneses-definitivamente\/2017\/01","title":{"rendered":"Le\u00f3n se deshace de futbolistas japoneses, definitivamente"},"content":{"rendered":"<p><strong>Le\u00f3n<\/strong> no pudo inscribir a los futbolistas japoneses que hab\u00eda integrado a sus filas, para el Apertura 2016, por lo que insisti\u00f3 para el Clausura 2017; sin embargo la Federaci\u00f3n Japonesa elev\u00f3 el costo de los pases de los jugadores por lo que la <em>Fiera<\/em> decidi\u00f3 dejarlos fuera del conjunto.<\/p>\n<p>De acuerdo a <em>ESPN<\/em>, la Federaci\u00f3n Japonesa puso en m\u00e1s de 50 mil y 100 mil d\u00f3lares, el precio por los pases internacionales de Shu Tanaka y Kaiki Tomita, de 18 y 19 a\u00f1os respectivamente, quienes hab\u00edan llegado a L\u00e9on, en julio 2016.<\/p>\n<p style=\"text-align: center;\"><span style=\"color: #3366ff;\"><a style=\"color: #3366ff;\" href=\"https:\/\/www.futboltotal.com.mx\/2017\/01\/cecilio-dominguez-mi-sucesor-en-america-cabanas\/\" target=\"_blank\"><strong>LEER M\u00c1S: Dom\u00ednguez ser\u00e1 mi sucesor en Am\u00e9rica, afirma Caba\u00f1as<\/strong><\/a><\/span><\/p>\n<p style=\"text-align: center;\"><a href=\"https:\/\/www.futboltotal.com.mx\/wp-content\/uploads\/2017\/01\/japoneses-espn.jpg\"><img decoding=\"async\" loading=\"lazy\" class=\"alignnone size-full wp-image-455800\" src=\"https:\/\/www.futboltotal.com.mx\/wp-content\/uploads\/2017\/01\/japoneses-espn.jpg\" alt=\"Le\u00f3n se deshace de futbolistas japoneses, definitivamente 0\" srcset=\"http:\/\/desarrollo.grupomedios.com\/futbol\/wp-content\/uploads\/2017\/01\/japoneses-espn.jpg 1136w, http:\/\/desarrollo.grupomedios.com\/futbol\/wp-content\/uploads\/2017\/01\/japoneses-espn-300x169.jpg 300w, http:\/\/desarrollo.grupomedios.com\/futbol\/wp-content\/uploads\/2017\/01\/japoneses-espn-768x432.jpg 768w, http:\/\/desarrollo.grupomedios.com\/futbol\/wp-content\/uploads\/2017\/01\/japoneses-espn-1024x576.jpg 1024w, http:\/\/desarrollo.grupomedios.com\/futbol\/wp-content\/uploads\/2017\/01\/japoneses-espn-317x178.jpg 317w, http:\/\/desarrollo.grupomedios.com\/futbol\/wp-content\/uploads\/2017\/01\/japoneses-espn-535x301.jpg 535w, http:\/\/desarrollo.grupomedios.com\/futbol\/wp-content\/uploads\/2017\/01\/japoneses-espn-374x210.jpg 374w\" sizes=\"(max-width: 1136px) 100vw, 1136px\" \/><\/a><\/p>\n<p>La <em>Fiera<\/em> descart\u00f3 pagar tales cantidades por dos jugadores juveniles, as\u00ed que los nipones se quedaron sin estrenarse en la categor\u00eda Sub-20 del <strong>Le\u00f3n<\/strong>, en la Liga MX. El conjunto Felino los hab\u00eda fichado por la necesidad de satisfacer a la afici\u00f3n japonesa que hab\u00eda comenzado a radicar en Guanajuato, por las empresas que hab\u00edan llegado a la entidad para ofrecer empleos.<\/p>\n<p>A pesar de la salida de Shu Tanaka y Kaiki Tomita de la <em>Fiera<\/em>, el conjunto del Baj\u00edo a\u00fan mantendr\u00e1 entre sus filas a Shima, quien entrena con el equipo Sub-15 de Le\u00f3n.<\/p>\n<p><strong>S\u00edguenos en Twitter<\/strong>: <a href=\"https:\/\/twitter.com\/MXFutbolTotal\" target=\"_blank\">@MXFutbolTotal<\/a><\/p>\n","protected":false},"excerpt":{"rendered":"<p>Federaci\u00f3n Japonesa exig\u00eda mucho por las cartas, as\u00ed que la Fiera declina.<\/p>\n","protected":false},"author":20,"featured_media":455798,"comment_status":"closed","ping_status":"closed","sticky":false,"template":"","format":"standard","meta":[],"categories":[2198,3845],"tags":[5965],"_links":{"self":[{"href":"http:\/\/desarrollo.grupomedios.com\/futbol\/wp-json\/wp\/v2\/posts\/455795"}],"collection":[{"href":"http:\/\/desarrollo.grupomedios.com\/futbol\/wp-json\/wp\/v2\/posts"}],"about":[{"href":"http:\/\/desarrollo.grupomedios.com\/futbol\/wp-json\/wp\/v2\/types\/post"}],"author":[{"embeddable":true,"href":"http:\/\/desarrollo.grupomedios.com\/futbol\/wp-json\/wp\/v2\/users\/20"}],"replies":[{"embeddable":true,"href":"http:\/\/desarrollo.grupomedios.com\/futbol\/wp-json\/wp\/v2\/comments?post=455795"}],"version-history":[{"count":0,"href":"http:\/\/desarrollo.grupomedios.com\/futbol\/wp-json\/wp\/v2\/posts\/455795\/revisions"}],"wp:featuredmedia":[{"embeddable":true,"href":"http:\/\/desarrollo.grupomedios.com\/futbol\/wp-json\/wp\/v2\/media\/455798"}],"wp:attachment":[{"href":"http:\/\/desarrollo.grupomedios.com\/futbol\/wp-json\/wp\/v2\/media?parent=455795"}],"wp:term":[{"taxonomy":"category","embeddable":true,"href":"http:\/\/desarrollo.grupomedios.com\/futbol\/wp-json\/wp\/v2\/categories?post=455795"},{"taxonomy":"post_tag","embeddable":true,"href":"http:\/\/desarrollo.grupomedios.com\/futbol\/wp-json\/wp\/v2\/tags?post=455795"}],"curies":[{"name":"wp","href":"https:\/\/api.w.org\/{rel}","templated":true}]}}