{"id":455838,"date":"2017-01-25T20:37:55","date_gmt":"2017-01-26T02:37:55","guid":{"rendered":"https:\/\/www.futboltotal.com.mx\/?p=455838"},"modified":"2017-01-25T20:37:55","modified_gmt":"2017-01-26T02:37:55","slug":"detienen-a-ex-boxeador-conducir-en-ebriedad","status":"publish","type":"post","link":"http:\/\/desarrollo.grupomedios.com\/futbol\/no-todo-es-futbol\/detienen-a-ex-boxeador-conducir-en-ebriedad\/2017\/01","title":{"rendered":"Detienen a ex boxeador por conducir en estado de ebriedad"},"content":{"rendered":"<p>El ex p\u00fagil mexico-estadounidense, <strong>\u00d3scar de la Hoya<\/strong>, fue arrestado en California por conducir en estado de ebriedad y a exceso de velocidad, la madrugada del mi\u00e9rcoles 25 de enero. El promotor de boxeo cunduc\u00eda una Land Rover, al momento de ser detenido.<\/p>\n<p>\u201cMientras el oficial investigador hablaba con el conductor en las afueras del veh\u00edculo, continu\u00f3 detectando el olor de una bebida alcoh\u00f3lica emanando de la boca y persona del conductor. Al conductor se le mostraron y se le demostraron una serie de pruebas de campo de sobriedad. El conductor estuvo de acuerdo con las pruebas y las fall\u00f3 de acuerdo a como le fueron demostradas. El conductor fue arrestado&#8221;, indicaron los reportes policiacos.<\/p>\n<p style=\"text-align: center;\"><span style=\"color: #3366ff;\"><a style=\"color: #3366ff;\" href=\"https:\/\/www.futboltotal.com.mx\/2017\/01\/san-diego-tendria-club-mls-gracias-a-chargers\/\" target=\"_blank\"><strong>LEER M\u00c1S: La MLS tendr\u00eda equipo de futbol en casa de los Chargers<\/strong><\/a><\/span><\/p>\n<blockquote class=\"twitter-tweet\" data-lang=\"es\">\n<p dir=\"ltr\" lang=\"en\">Great time with my friends at <a href=\"https:\/\/twitter.com\/espn\">@espn<\/a> <a href=\"https:\/\/twitter.com\/ESPNBoxeo\">@espnboxeo<\/a> <a href=\"https:\/\/twitter.com\/osunaespn\">@osunaespn<\/a> discussing <a href=\"https:\/\/twitter.com\/hashtag\/CaneloChavezJr?src=hash\">#CaneloChavezJr<\/a> May 6 <a href=\"https:\/\/twitter.com\/hashtag\/HBOPPV?src=hash\">#HBOPPV<\/a> with <a href=\"https:\/\/twitter.com\/jcchavezjr1\">@jcchavezjr1<\/a> <a href=\"https:\/\/twitter.com\/Jcchavez115\">@Jcchavez115<\/a> <a href=\"https:\/\/t.co\/IivxToCkde\">pic.twitter.com\/IivxToCkde<\/a><\/p>\n<p>\u2014 Oscar De La Hoya (@OscarDeLaHoya) <a href=\"https:\/\/twitter.com\/OscarDeLaHoya\/status\/823995339564666880\">24 de enero de 2017<\/a><\/p><\/blockquote>\n<p><script async src=\"\/\/platform.twitter.com\/widgets.js\" charset=\"utf-8\"><\/script><\/p>\n<p><strong>S\u00edguenos en Twitter<\/strong>: <a href=\"https:\/\/twitter.com\/MXFutbolTotal\" target=\"_blank\">@MXFutbolTotal<\/a><\/p>\n","protected":false},"excerpt":{"rendered":"<p>\u00d3scar de la Hoya fue arrestado en Pasadena, California.<\/p>\n","protected":false},"author":20,"featured_media":455839,"comment_status":"closed","ping_status":"closed","sticky":false,"template":"","format":"standard","meta":[],"categories":[6282,5418,6411],"tags":[5461],"_links":{"self":[{"href":"http:\/\/desarrollo.grupomedios.com\/futbol\/wp-json\/wp\/v2\/posts\/455838"}],"collection":[{"href":"http:\/\/desarrollo.grupomedios.com\/futbol\/wp-json\/wp\/v2\/posts"}],"about":[{"href":"http:\/\/desarrollo.grupomedios.com\/futbol\/wp-json\/wp\/v2\/types\/post"}],"author":[{"embeddable":true,"href":"http:\/\/desarrollo.grupomedios.com\/futbol\/wp-json\/wp\/v2\/users\/20"}],"replies":[{"embeddable":true,"href":"http:\/\/desarrollo.grupomedios.com\/futbol\/wp-json\/wp\/v2\/comments?post=455838"}],"version-history":[{"count":0,"href":"http:\/\/desarrollo.grupomedios.com\/futbol\/wp-json\/wp\/v2\/posts\/455838\/revisions"}],"wp:featuredmedia":[{"embeddable":true,"href":"http:\/\/desarrollo.grupomedios.com\/futbol\/wp-json\/wp\/v2\/media\/455839"}],"wp:attachment":[{"href":"http:\/\/desarrollo.grupomedios.com\/futbol\/wp-json\/wp\/v2\/media?parent=455838"}],"wp:term":[{"taxonomy":"category","embeddable":true,"href":"http:\/\/desarrollo.grupomedios.com\/futbol\/wp-json\/wp\/v2\/categories?post=455838"},{"taxonomy":"post_tag","embeddable":true,"href":"http:\/\/desarrollo.grupomedios.com\/futbol\/wp-json\/wp\/v2\/tags?post=455838"}],"curies":[{"name":"wp","href":"https:\/\/api.w.org\/{rel}","templated":true}]}}