{"id":455870,"date":"2017-01-26T10:41:04","date_gmt":"2017-01-26T16:41:04","guid":{"rendered":"https:\/\/www.futboltotal.com.mx\/?p=455870"},"modified":"2017-01-26T12:41:24","modified_gmt":"2017-01-26T18:41:24","slug":"tigres-busca-reforzarse-eduardo-vargas","status":"publish","type":"post","link":"http:\/\/desarrollo.grupomedios.com\/futbol\/futbol-mexicano\/tigres-busca-reforzarse-eduardo-vargas\/2017\/01","title":{"rendered":"Tigres busca reforzarse con Eduardo Vargas"},"content":{"rendered":"<p>Despu\u00e9s de tres jornadas del \u00a0Clausura 2017, los <strong>Tigre<\/strong>s de la UANL no para de reforzarse y siguen a la caza de refuerzos. Solo un d\u00eda despu\u00e9s de haber confirmado que Luis Adv\u00edncula super\u00f3 las pruebas m\u00e9dicas y firmar\u00e1 con el club, el cuadro de Ricardo Ferretti busca la incorporaci\u00f3n del chileno Eduardo Vargas, el Verdugo que marc\u00f3 cuatro tanto al Tri en la pasada Copa Am\u00e9rica.<\/p>\n<p>Desde hace algunos d\u00edas, la prensa local comenz\u00f3 a especular con la posible marcha del delantero Andy Delort, quien apenas lleg\u00f3 el semestre pasado a la instituci\u00f3n, debido a que ha tenido m\u00ednima actividad con los <em>Felinos<\/em>. Ante una eventual transferencia del franc\u00e9s, cuyo destino podr\u00eda ser la Ligue 1, los regios habr\u00edan contactado con el andino y buscar\u00edan su incorporaci\u00f3n antes del pr\u00f3ximo 31 de enero, cuando concluye el mercado de fichajes invernal.<\/p>\n<p style=\"text-align: center;\"><span style=\"color: #3366ff;\">LEER M\u00c1S: Todas las noticias de futbol mexicano<\/span><\/p>\n<p>Los <strong>Tigres<\/strong> tendr\u00edan que entrar en una puja por Vargas, toda vez que este tambi\u00e9n tiene ofertas del Flamengo y el Galatasaray. El fichaje superar\u00eda los 6.5 millones de d\u00f3lares y, aunque aun no hay nada confirmado por alguna de las partes interesadas, el portal <em>Goal\u00a0<\/em>asegura que Vargas fichar\u00e1 con los <em>Felinos, <\/em>al igual que el periodista de Televisa Deportes, Axel Sol\u00eds.<\/p>\n<blockquote class=\"twitter-tweet\" data-width=\"500\">\n<p lang=\"es\" dir=\"ltr\">.<a href=\"https:\/\/twitter.com\/AndyDelort9\">@AndyDelort9<\/a> deja a <a href=\"https:\/\/twitter.com\/TigresOficial\">@TigresOficial<\/a> para volver a Francia y de las europas viene a la cueva felina el chileno <a href=\"https:\/\/twitter.com\/eduvargas_17\">@eduvargas_17<\/a><\/p>\n<p>&mdash; Axel Sol\u00eds Ram\u00edrez (@axelsolisrmz) <a href=\"https:\/\/twitter.com\/axelsolisrmz\/status\/824485315633041408\">January 26, 2017<\/a><\/p><\/blockquote>\n<p><script async src=\"\/\/platform.twitter.com\/widgets.js\" charset=\"utf-8\"><\/script><\/p>\n<p>Vargas, de 27 a\u00f1os, y quien tiene contrato hasta 2019 con el Hoffenheim,\u00a0llegar\u00eda a la Liga MX tras haber tenido un paso discreto por el cuadro alem\u00e1n, donde despu\u00e9s de un a\u00f1o logr\u00f3 marcar solo un par de goles y cuatro asistencias. De hecho, el \u00faltimo gol del chileno a nivel de clubes fue el pasado 19 de marzo de 2016, en la victoria 1-3 sobre el Hamburgo. Para esta campa\u00f1a, el atacante ha perdido protagonismo y, lejos de ser titular, solo ha disputado 131 minutos en seis partidos.<\/p>\n<p>&nbsp;<\/p>\n<p>&nbsp;<\/p>\n","protected":false},"excerpt":{"rendered":"<p>Los Felinos fichar\u00e1n al verdugo del Tri para suplir la salida de Andy Delort.<\/p>\n","protected":false},"author":20,"featured_media":455871,"comment_status":"closed","ping_status":"closed","sticky":false,"template":"","format":"standard","meta":[],"categories":[2198,3845],"tags":[5994,64,5973],"_links":{"self":[{"href":"http:\/\/desarrollo.grupomedios.com\/futbol\/wp-json\/wp\/v2\/posts\/455870"}],"collection":[{"href":"http:\/\/desarrollo.grupomedios.com\/futbol\/wp-json\/wp\/v2\/posts"}],"about":[{"href":"http:\/\/desarrollo.grupomedios.com\/futbol\/wp-json\/wp\/v2\/types\/post"}],"author":[{"embeddable":true,"href":"http:\/\/desarrollo.grupomedios.com\/futbol\/wp-json\/wp\/v2\/users\/20"}],"replies":[{"embeddable":true,"href":"http:\/\/desarrollo.grupomedios.com\/futbol\/wp-json\/wp\/v2\/comments?post=455870"}],"version-history":[{"count":0,"href":"http:\/\/desarrollo.grupomedios.com\/futbol\/wp-json\/wp\/v2\/posts\/455870\/revisions"}],"wp:featuredmedia":[{"embeddable":true,"href":"http:\/\/desarrollo.grupomedios.com\/futbol\/wp-json\/wp\/v2\/media\/455871"}],"wp:attachment":[{"href":"http:\/\/desarrollo.grupomedios.com\/futbol\/wp-json\/wp\/v2\/media?parent=455870"}],"wp:term":[{"taxonomy":"category","embeddable":true,"href":"http:\/\/desarrollo.grupomedios.com\/futbol\/wp-json\/wp\/v2\/categories?post=455870"},{"taxonomy":"post_tag","embeddable":true,"href":"http:\/\/desarrollo.grupomedios.com\/futbol\/wp-json\/wp\/v2\/tags?post=455870"}],"curies":[{"name":"wp","href":"https:\/\/api.w.org\/{rel}","templated":true}]}}