{"id":455884,"date":"2017-01-26T10:06:55","date_gmt":"2017-01-26T16:06:55","guid":{"rendered":"https:\/\/www.futboltotal.com.mx\/?p=455884"},"modified":"2017-01-26T10:25:49","modified_gmt":"2017-01-26T16:25:49","slug":"borussia-dortmund-trollea-a-donald-trump-le-manda-mensaje","status":"publish","type":"post","link":"http:\/\/desarrollo.grupomedios.com\/futbol\/futbol-internacional\/borussia-dortmund-trollea-a-donald-trump-le-manda-mensaje\/2017\/01","title":{"rendered":"Borussia Dortmund trollea a Donald Trump y le manda un mensaje"},"content":{"rendered":"<p>Es cierto que la mezcla entre futbol y pol\u00edtica no es precisamente deseable, dado que pertenecen a \u00e1mbitos distintos, pero el <strong>Borussia Dortmund<\/strong> acaba de hacerlo en una forma bastante interesante.<\/p>\n<p>La actual situaci\u00f3n pol\u00edtica del mundo -y en particular de M\u00e9xico- se ha vuelto tensa, con la llegada al poder de Donald Trump.<\/p>\n<p style=\"text-align: center;\"><a href=\"https:\/\/www.futboltotal.com.mx\/2017\/01\/borussia-dortmund-ha-blindado-a-uno-sus-jovenes-cracks\/\" target=\"_blank\"><span style=\"color: #3366ff;\"><strong>LEER M\u00c1S: Borussia Dortmund ha blindado a uno de sus j\u00f3venes cracks<\/strong><\/span><\/a><\/p>\n<p>Trump se convirti\u00f3 oficialmente en presidente de los Estados Unidos y una de sus principales promesas de campa\u00f1a fue construir un muro en la frontera con M\u00e9xico.<\/p>\n<p>Ahora, esa promesa est\u00e1 ya en v\u00edas de convertirse en realidad, pues el presidente firm\u00f3 ya una orden ejecutiva para la construcci\u00f3n del muro, que varios medios a nivel internacional han llamado <em>Mexican Wall<\/em> -pese a que la intenci\u00f3n de levantarlo no es mexicana, sino estadounidense-.<\/p>\n<p style=\"text-align: center;\"><a href=\"https:\/\/www.futboltotal.com.mx\/2017\/01\/borussia-dortmund-ha-blindado-a-uno-sus-jovenes-cracks\/\" target=\"_blank\"><span style=\"color: #3366ff;\"><strong>LEER M\u00c1S: Borussia Dortmund le pone precio a Aubameyang<\/strong><\/span><\/a><\/p>\n<p>Como una sutil respuesta a esta medida de Trump, el <strong>Borussia Dortmund<\/strong> public\u00f3 un mensaje en su cuenta de Twitter.<\/p>\n<p>Uno de los aspectos extra cancha m\u00e1s populares del cuadro <em>Aurinegro<\/em> es su apasionada afici\u00f3n, en particular la cabecera sur de su estadio, en la que se juntan sus seguidores m\u00e1s intensos, conocida como <em>Yellow Wall<\/em> (El Muro Amarillo en espa\u00f1ol, <em>die Gelbe Wand<\/em> en alem\u00e1n).<\/p>\n<blockquote class=\"twitter-tweet\" data-lang=\"es\">\n<p dir=\"ltr\" lang=\"en\">The only <a href=\"https:\/\/twitter.com\/hashtag\/wall?src=hash\">#wall<\/a> we believe in. &#x1f49b; <a href=\"https:\/\/t.co\/nIL4ws0UY1\">pic.twitter.com\/nIL4ws0UY1<\/a><\/p>\n<p>\u2014 Borussia Dortmund (@BVB) <a href=\"https:\/\/twitter.com\/BVB\/status\/824558029706256384\">26 de enero de 2017<\/a><\/p><\/blockquote>\n<p><script async src=\"\/\/platform.twitter.com\/widgets.js\" charset=\"utf-8\"><\/script><\/p>\n<p>Aprovechando eso, el <strong>Dortmund<\/strong> twitte\u00f3 una foto del imponente fondo sur de su estadio y escribi\u00f3: \u201cEl \u00fanico muro en el que creemos\u201d.<\/p>\n<p><a href=\"https:\/\/twitter.com\/MXFutbolTotal\" target=\"_blank\"><span style=\"color: #3366ff;\"><strong>S\u00edguenos en Twitter: @MXFutbolTotal<\/strong><\/span><\/a><\/p>\n","protected":false},"excerpt":{"rendered":"<p>En Dortmund no parecen estar de acuerdo con las medidas que ha tomado Donald Trump.<\/p>\n","protected":false},"author":20,"featured_media":431789,"comment_status":"closed","ping_status":"closed","sticky":false,"template":"","format":"standard","meta":[],"categories":[3839,6822,5951],"tags":[6000,2308,6047,119,6135,2920,8107],"_links":{"self":[{"href":"http:\/\/desarrollo.grupomedios.com\/futbol\/wp-json\/wp\/v2\/posts\/455884"}],"collection":[{"href":"http:\/\/desarrollo.grupomedios.com\/futbol\/wp-json\/wp\/v2\/posts"}],"about":[{"href":"http:\/\/desarrollo.grupomedios.com\/futbol\/wp-json\/wp\/v2\/types\/post"}],"author":[{"embeddable":true,"href":"http:\/\/desarrollo.grupomedios.com\/futbol\/wp-json\/wp\/v2\/users\/20"}],"replies":[{"embeddable":true,"href":"http:\/\/desarrollo.grupomedios.com\/futbol\/wp-json\/wp\/v2\/comments?post=455884"}],"version-history":[{"count":0,"href":"http:\/\/desarrollo.grupomedios.com\/futbol\/wp-json\/wp\/v2\/posts\/455884\/revisions"}],"wp:featuredmedia":[{"embeddable":true,"href":"http:\/\/desarrollo.grupomedios.com\/futbol\/wp-json\/wp\/v2\/media\/431789"}],"wp:attachment":[{"href":"http:\/\/desarrollo.grupomedios.com\/futbol\/wp-json\/wp\/v2\/media?parent=455884"}],"wp:term":[{"taxonomy":"category","embeddable":true,"href":"http:\/\/desarrollo.grupomedios.com\/futbol\/wp-json\/wp\/v2\/categories?post=455884"},{"taxonomy":"post_tag","embeddable":true,"href":"http:\/\/desarrollo.grupomedios.com\/futbol\/wp-json\/wp\/v2\/tags?post=455884"}],"curies":[{"name":"wp","href":"https:\/\/api.w.org\/{rel}","templated":true}]}}