{"id":455891,"date":"2017-01-26T10:40:16","date_gmt":"2017-01-26T16:40:16","guid":{"rendered":"https:\/\/www.futboltotal.com.mx\/?p=455891"},"modified":"2017-01-26T10:46:41","modified_gmt":"2017-01-26T16:46:41","slug":"hijo-jorge-vergara-asegura-trump-lo-mejor-mexico","status":"publish","type":"post","link":"http:\/\/desarrollo.grupomedios.com\/futbol\/destacado-home\/hijo-jorge-vergara-asegura-trump-lo-mejor-mexico\/2017\/01","title":{"rendered":"Hijo de Jorge Vergara asegura: &#8220;Trump es lo mejor para M\u00e9xico&#8221;"},"content":{"rendered":"<p>Regularmente es <strong>Jorge Vergara<\/strong> quien lanza las declaraciones pol\u00e9micas desde el interior de <strong>Chivas<\/strong>, incluso <strong>Jos\u00e9 Luis Higuera<\/strong>, CEO de Grupo Omnilife, pero esta vez ha sido\u00a0<strong>Amaury Vergara<\/strong> quien solt\u00f3 algunas frases picantes que incluso hacen referencia directa a la actualidad nacional y mundial en t\u00e9rminos de pol\u00edtica.<\/p>\n<p>En una entrevista concedida a Claro Sports, el hijo del due\u00f1o del Reba\u00f1o y director de Chivas TV lanz\u00f3 unas declaraciones que de inicio podr\u00edan lucir pol\u00e9micas, pero el trasfondo es otro.<\/p>\n<p>&#8220;Trump es lo mejor que le ha podido pasar a M\u00e9xico. Obviamente vamos a sufrir muchos cambios y los que viven all\u00e1 tambi\u00e9n les ser\u00e1 dif\u00edcil&#8221;, asegur\u00f3.<\/p>\n<p><a href=\"https:\/\/www.futboltotal.com.mx\/2017\/01\/borussia-dortmund-trollea-a-donald-trump-le-manda-mensaje\/\">VER M\u00c1S: BORUSSIA DORTMUND TROLLE\u00d3 A DONALD TRUMP Y LE MANDA UN MENSAJE<\/a><\/p>\n<p>Al mismo tiempo, le parece que este es un gran momento para que todos los mexicanos crezcan en muchos sentidos y, a la vez, se recupere la identidad nacional.<\/p>\n<p>&#8220;Es momento para que el mexicano deje de estar pensando en la relaci\u00f3n dependiente que tenemos con Estados Unidos. Creo que es momento de que M\u00e9xico retome su esencia&#8221;, dijo Vergara.<\/p>\n<p>Adem\u00e1s, no dej\u00f3 pasar la oportunidad de destacar el proyecto televisivo online de Chivas como estandarte de lo que deber\u00edan hacer otros clubes o empresas mexicanas.<\/p>\n<p>&#8220;Un ejemplo como Chivas TV es un caso de \u00e9xito. Estamos tratando de hacer algo 100%\u00a0mexicano. Es un referente del futbol en el mundo. Chivas est\u00e1 dando de qu\u00e9 hablar por este proyecto&#8221;, a\u00f1adi\u00f3.<\/p>\n<p class=\"p1\"><span class=\"s1\"><b>S\u00edguenos en Twitter<\/b>:\u00a0<a href=\"https:\/\/twitter.com\/MXFutbolTotal\"><span class=\"s2\">@MXFutbolTotal<\/span><\/a><\/span><\/p>\n","protected":false},"excerpt":{"rendered":"<p>El hijo del due\u00f1o del Reba\u00f1o y director de Chivas TV lanz\u00f3 unas pol\u00e9micas declaraciones.<\/p>\n","protected":false},"author":20,"featured_media":455896,"comment_status":"closed","ping_status":"closed","sticky":false,"template":"","format":"standard","meta":[],"categories":[5419,5,2198,3845],"tags":[8108,70,7110,7732,6135,243,64,8107,1953],"_links":{"self":[{"href":"http:\/\/desarrollo.grupomedios.com\/futbol\/wp-json\/wp\/v2\/posts\/455891"}],"collection":[{"href":"http:\/\/desarrollo.grupomedios.com\/futbol\/wp-json\/wp\/v2\/posts"}],"about":[{"href":"http:\/\/desarrollo.grupomedios.com\/futbol\/wp-json\/wp\/v2\/types\/post"}],"author":[{"embeddable":true,"href":"http:\/\/desarrollo.grupomedios.com\/futbol\/wp-json\/wp\/v2\/users\/20"}],"replies":[{"embeddable":true,"href":"http:\/\/desarrollo.grupomedios.com\/futbol\/wp-json\/wp\/v2\/comments?post=455891"}],"version-history":[{"count":0,"href":"http:\/\/desarrollo.grupomedios.com\/futbol\/wp-json\/wp\/v2\/posts\/455891\/revisions"}],"wp:featuredmedia":[{"embeddable":true,"href":"http:\/\/desarrollo.grupomedios.com\/futbol\/wp-json\/wp\/v2\/media\/455896"}],"wp:attachment":[{"href":"http:\/\/desarrollo.grupomedios.com\/futbol\/wp-json\/wp\/v2\/media?parent=455891"}],"wp:term":[{"taxonomy":"category","embeddable":true,"href":"http:\/\/desarrollo.grupomedios.com\/futbol\/wp-json\/wp\/v2\/categories?post=455891"},{"taxonomy":"post_tag","embeddable":true,"href":"http:\/\/desarrollo.grupomedios.com\/futbol\/wp-json\/wp\/v2\/tags?post=455891"}],"curies":[{"name":"wp","href":"https:\/\/api.w.org\/{rel}","templated":true}]}}