{"id":455903,"date":"2017-01-26T11:50:44","date_gmt":"2017-01-26T17:50:44","guid":{"rendered":"https:\/\/www.futboltotal.com.mx\/?p=455903"},"modified":"2017-01-26T11:50:44","modified_gmt":"2017-01-26T17:50:44","slug":"sergio-bueno-debuta-a-hijo-chiapas","status":"publish","type":"post","link":"http:\/\/desarrollo.grupomedios.com\/futbol\/futbol-mexicano\/sergio-bueno-debuta-a-hijo-chiapas\/2017\/01","title":{"rendered":"Sergio Bueno debuta a su hijo con Chiapas"},"content":{"rendered":"<p>Durante el duelo de la Copa MX entre Jaguares y Necaxa, el entrenador de los Chiapanecos, Sergio Bueno, aprovech\u00f3 para debutar a su hijo Sergio Bueno Pedraza, que alcanz\u00f3 a jugar cinco minutos en el empate a un gol en el estadio V\u00edctor Manuel Reyna.<\/p>\n<p>Bueno Pedraza ingres\u00f3 al campo en el minuto 85 por el futbolista paraguayo Marcelo Estigarribia, un minuto despu\u00e9s de que Christian Berm\u00fadez empatara el marcador.<\/p>\n<blockquote class=\"twitter-tweet\" data-width=\"500\">\n<p lang=\"es\" dir=\"ltr\">. <a href=\"https:\/\/twitter.com\/calientesports\">@calientesports<\/a> Informa: 85&#39;  <a href=\"https:\/\/twitter.com\/hashtag\/CambioJaguar?src=hash\">#CambioJaguar<\/a> Entra\u27a1\ufe0f Sergio Bueno; Sale\u2b05\ufe0f Marcelo Estigarribia <a href=\"https:\/\/t.co\/6uqag2Vq50\">pic.twitter.com\/6uqag2Vq50<\/a><\/p>\n<p>&mdash; Jaguares de Chiapas (@Chiapas_FC) <a href=\"https:\/\/twitter.com\/Chiapas_FC\/status\/824448128040534016\">January 26, 2017<\/a><\/p><\/blockquote>\n<p><script async src=\"\/\/platform.twitter.com\/widgets.js\" charset=\"utf-8\"><\/script><\/p>\n<p>El jugador de 19 a\u00f1os juega como volante ofensivo y ya hab\u00eda tenido participaci\u00f3n en las fuerzas b\u00e1sicas de Chivas, Cruz Azul y Atlas, equipos donde su padre ha dirigido en los \u00faltimos a\u00f1os.<\/p>\n<p>Con la Sub-20 de Chiapas, el hijo de Bueno tambi\u00e9n ha tenido participaciones, pues est\u00e1 registrado en la Liga MX en es categor\u00eda.<\/p>\n<p style=\"text-align: center;\"><span style=\"color: #3366ff;\"><a style=\"color: #3366ff;\" href=\"https:\/\/www.futboltotal.com.mx\/2017\/01\/tigres-busca-reforzarse-eduardo-vargas\/\">LEER M\u00c1S: Tigres busca reforzarse con Eduardo Vargas<\/a><\/span><\/p>\n<p>Esta no es la primera ocasi\u00f3n que sucede en el equipo de Chiapas, pues al igual que Sergio Bueno, en una ocasi\u00f3n Ricardo La Volpe aprovech\u00f3 para debutar a su nieto en un partido de Copa MX.<\/p>\n<p>Durante el partido entre Chiapas y Veracruz, el argentino aprovech\u00f3 para debutar a su nieto Mauro Ricardo Andrade La Volpe, que apenas contaba con 17 a\u00f1os.<\/p>\n","protected":false},"excerpt":{"rendered":"<p>El entrenador aprovech\u00f3 los minutos finales para que jugara su hijo.<\/p>\n","protected":false},"author":20,"featured_media":455904,"comment_status":"closed","ping_status":"closed","sticky":false,"template":"","format":"standard","meta":[],"categories":[2198,3845,5950],"tags":[5964,64],"_links":{"self":[{"href":"http:\/\/desarrollo.grupomedios.com\/futbol\/wp-json\/wp\/v2\/posts\/455903"}],"collection":[{"href":"http:\/\/desarrollo.grupomedios.com\/futbol\/wp-json\/wp\/v2\/posts"}],"about":[{"href":"http:\/\/desarrollo.grupomedios.com\/futbol\/wp-json\/wp\/v2\/types\/post"}],"author":[{"embeddable":true,"href":"http:\/\/desarrollo.grupomedios.com\/futbol\/wp-json\/wp\/v2\/users\/20"}],"replies":[{"embeddable":true,"href":"http:\/\/desarrollo.grupomedios.com\/futbol\/wp-json\/wp\/v2\/comments?post=455903"}],"version-history":[{"count":0,"href":"http:\/\/desarrollo.grupomedios.com\/futbol\/wp-json\/wp\/v2\/posts\/455903\/revisions"}],"wp:featuredmedia":[{"embeddable":true,"href":"http:\/\/desarrollo.grupomedios.com\/futbol\/wp-json\/wp\/v2\/media\/455904"}],"wp:attachment":[{"href":"http:\/\/desarrollo.grupomedios.com\/futbol\/wp-json\/wp\/v2\/media?parent=455903"}],"wp:term":[{"taxonomy":"category","embeddable":true,"href":"http:\/\/desarrollo.grupomedios.com\/futbol\/wp-json\/wp\/v2\/categories?post=455903"},{"taxonomy":"post_tag","embeddable":true,"href":"http:\/\/desarrollo.grupomedios.com\/futbol\/wp-json\/wp\/v2\/tags?post=455903"}],"curies":[{"name":"wp","href":"https:\/\/api.w.org\/{rel}","templated":true}]}}