{"id":456003,"date":"2017-01-26T16:05:15","date_gmt":"2017-01-26T22:05:15","guid":{"rendered":"https:\/\/www.futboltotal.com.mx\/?p=456003"},"modified":"2017-01-26T16:05:15","modified_gmt":"2017-01-26T22:05:15","slug":"memo-ochoa-convive-jugadores-chivas","status":"publish","type":"post","link":"http:\/\/desarrollo.grupomedios.com\/futbol\/videos\/memo-ochoa-convive-jugadores-chivas\/2017\/01","title":{"rendered":"Memo Ochoa convive con jugadores de Chivas"},"content":{"rendered":"<p>En Granada, el portero <strong>Guillermo Ochoa<\/strong> se convirti\u00f3 en la sensaci\u00f3n tras recibir la visita inesperada de varios jugadores de las categor\u00edas infantiles del Guadalajara, despu\u00e9s del entrenamiento matinal de este jueves en la Ciudad Deportiva Amarilla.<\/p>\n<p>El arquero convivi\u00f3 con una delegaci\u00f3n de 18 ni\u00f1os que est\u00e1 de gira por Espa\u00f1a disputando una serie de duelos amistosos con el equipo <em>rojiblanco <\/em>y\u00a0los recibi\u00f3 de la mejor forma. &#8220;Que bueno que han venido&#8221;, dijo el arquero, mientras saludaba a cada uno de los jugadores.<\/p>\n<p>Adem\u00e1s de tomarse varias fotograf\u00edas,<strong> Memo Ochoa<\/strong> tuvo el gran gesto de quitarse los guantes y los obsequi\u00f3 a una de las peque\u00f1as que tiene el sue\u00f1o de ser arquero.<\/p>\n<p style=\"text-align: center;\"><span style=\"color: #3366ff;\">LEER M\u00c1S: Todas las noticias de futbol internacional<\/span><\/p>\n<p><iframe loading=\"lazy\" src=\"https:\/\/www.youtube.com\/embed\/UVQCmmLNa1w\" frameborder=\"0\" allowfullscreen=\"allowfullscreen\"><\/iframe><\/p>\n","protected":false},"excerpt":{"rendered":"<p>El guardameta examericanista recibi\u00f3 en Granada a futbolistas de categor\u00edas menores del Reba\u00f1o. <\/p>\n","protected":false},"author":20,"featured_media":456043,"comment_status":"closed","ping_status":"closed","sticky":false,"template":"","format":"standard","meta":[],"categories":[3839,4],"tags":[70,679],"_links":{"self":[{"href":"http:\/\/desarrollo.grupomedios.com\/futbol\/wp-json\/wp\/v2\/posts\/456003"}],"collection":[{"href":"http:\/\/desarrollo.grupomedios.com\/futbol\/wp-json\/wp\/v2\/posts"}],"about":[{"href":"http:\/\/desarrollo.grupomedios.com\/futbol\/wp-json\/wp\/v2\/types\/post"}],"author":[{"embeddable":true,"href":"http:\/\/desarrollo.grupomedios.com\/futbol\/wp-json\/wp\/v2\/users\/20"}],"replies":[{"embeddable":true,"href":"http:\/\/desarrollo.grupomedios.com\/futbol\/wp-json\/wp\/v2\/comments?post=456003"}],"version-history":[{"count":0,"href":"http:\/\/desarrollo.grupomedios.com\/futbol\/wp-json\/wp\/v2\/posts\/456003\/revisions"}],"wp:featuredmedia":[{"embeddable":true,"href":"http:\/\/desarrollo.grupomedios.com\/futbol\/wp-json\/wp\/v2\/media\/456043"}],"wp:attachment":[{"href":"http:\/\/desarrollo.grupomedios.com\/futbol\/wp-json\/wp\/v2\/media?parent=456003"}],"wp:term":[{"taxonomy":"category","embeddable":true,"href":"http:\/\/desarrollo.grupomedios.com\/futbol\/wp-json\/wp\/v2\/categories?post=456003"},{"taxonomy":"post_tag","embeddable":true,"href":"http:\/\/desarrollo.grupomedios.com\/futbol\/wp-json\/wp\/v2\/tags?post=456003"}],"curies":[{"name":"wp","href":"https:\/\/api.w.org\/{rel}","templated":true}]}}