{"id":456010,"date":"2017-01-26T15:52:45","date_gmt":"2017-01-26T21:52:45","guid":{"rendered":"https:\/\/www.futboltotal.com.mx\/?p=456010"},"modified":"2017-01-26T15:52:45","modified_gmt":"2017-01-26T21:52:45","slug":"carlos-vela-neymar-casi-acaban-a-los-golpes","status":"publish","type":"post","link":"http:\/\/desarrollo.grupomedios.com\/futbol\/futbol-internacional\/carlos-vela-neymar-casi-acaban-a-los-golpes\/2017\/01","title":{"rendered":"Mira a Carlos Vela y Neymar casi acabando a los golpes"},"content":{"rendered":"<p>Durante el duelo de vuelta de cuartos de final de la <strong>Copa del Rey<\/strong> entre el <strong>Barcelona<\/strong> y la <strong>Real Sociedad<\/strong> la nota la dieron el atacante mexicano <strong>Carlos Vela<\/strong> y el brasile\u00f1o <strong>Neymar<\/strong>, quienes casi acabaron a los golpes.<\/p>\n<p>Todo empez\u00f3 cuando el delantero de la Real Sociedad, quien conduc\u00eda el bal\u00f3n, fue derribado por el\u00a0crack de los Cul\u00e9s pero el \u00e1rbitro no marc\u00f3 falta alguna. De inmediato, Ney tom\u00f3 la pelota y empez\u00f3 su trayecto hacia la porter\u00eda riv.<\/p>\n<p>Sin embargo, el mexicano ya se hab\u00eda parado de inmediato y no tard\u00f3 en alcanzar al barcelonista,\u00a0metiendo una artera zancadilla al atacante. Antes de que el \u00e1rbitro pudiera hacer algo, los dos futbolistas se encararon de inmediato tir\u00e1ndose empujones, siendo Vela quien no dud\u00f3 en tirar un manotazo al rostro de Neymar.<\/p>\n<p>Los dos jugadores fueron amonestados, pero esa acci\u00f3n parec\u00eda que acabar\u00eda en algo m\u00e1s de no ser porque los compa\u00f1eros de ambos aparecieron a tiempo para detenerlos.<\/p>\n<p><iframe loading=\"lazy\" src=\"https:\/\/www.youtube.com\/embed\/RSL4EEqB7x4\" frameborder=\"0\" allowfullscreen=\"allowfullscreen\"><\/iframe><\/p>\n<p class=\"p1\"><span class=\"s1\"><b>S\u00edguenos en Twitter<\/b>:\u00a0<a href=\"https:\/\/twitter.com\/MXFutbolTotal\"><span class=\"s2\">@MXFutbolTotal<\/span><\/a><\/span><\/p>\n","protected":false},"excerpt":{"rendered":"<p>El delantero mexicano y el brasile\u00f1o del Barcelona intercambiaron patadas y manotazos.<\/p>\n","protected":false},"author":20,"featured_media":456012,"comment_status":"closed","ping_status":"closed","sticky":false,"template":"","format":"standard","meta":[],"categories":[3839,3844,6718],"tags":[5984,6048,96,6001,7471,102,2418],"_links":{"self":[{"href":"http:\/\/desarrollo.grupomedios.com\/futbol\/wp-json\/wp\/v2\/posts\/456010"}],"collection":[{"href":"http:\/\/desarrollo.grupomedios.com\/futbol\/wp-json\/wp\/v2\/posts"}],"about":[{"href":"http:\/\/desarrollo.grupomedios.com\/futbol\/wp-json\/wp\/v2\/types\/post"}],"author":[{"embeddable":true,"href":"http:\/\/desarrollo.grupomedios.com\/futbol\/wp-json\/wp\/v2\/users\/20"}],"replies":[{"embeddable":true,"href":"http:\/\/desarrollo.grupomedios.com\/futbol\/wp-json\/wp\/v2\/comments?post=456010"}],"version-history":[{"count":0,"href":"http:\/\/desarrollo.grupomedios.com\/futbol\/wp-json\/wp\/v2\/posts\/456010\/revisions"}],"wp:featuredmedia":[{"embeddable":true,"href":"http:\/\/desarrollo.grupomedios.com\/futbol\/wp-json\/wp\/v2\/media\/456012"}],"wp:attachment":[{"href":"http:\/\/desarrollo.grupomedios.com\/futbol\/wp-json\/wp\/v2\/media?parent=456010"}],"wp:term":[{"taxonomy":"category","embeddable":true,"href":"http:\/\/desarrollo.grupomedios.com\/futbol\/wp-json\/wp\/v2\/categories?post=456010"},{"taxonomy":"post_tag","embeddable":true,"href":"http:\/\/desarrollo.grupomedios.com\/futbol\/wp-json\/wp\/v2\/tags?post=456010"}],"curies":[{"name":"wp","href":"https:\/\/api.w.org\/{rel}","templated":true}]}}