{"id":456053,"date":"2017-01-26T16:51:42","date_gmt":"2017-01-26T22:51:42","guid":{"rendered":"https:\/\/www.futboltotal.com.mx\/?p=456053"},"modified":"2017-01-26T16:51:42","modified_gmt":"2017-01-26T22:51:42","slug":"chivas-se-lanza-contra-muro-trump","status":"publish","type":"post","link":"http:\/\/desarrollo.grupomedios.com\/futbol\/futbol-mexicano\/chivas-se-lanza-contra-muro-trump\/2017\/01","title":{"rendered":"Chivas se lanza contra el muro de Trump"},"content":{"rendered":"<p>El mensaje que public\u00f3 la ma\u00f1ana de este jueves el club alem\u00e1n Borussia Dortmund, para manifestar su postura ante la iniciativa del presidente de los Estados Unidos, Donald Trump, de construir un muro en la frontera con M\u00e9xico, ha sido punta de lanza para que algunos clubes de la Liga MX como Morelia, Veracruz y Guadalajara tambi\u00e9n expresen su desacuerdo.<\/p>\n<p>Monarcas tom\u00f3 partido al responder v\u00eda <em>twitter<\/em> al cuadro alem\u00e1n con una fotograf\u00eda en la que aparece un mosaico de las gradas del Estadio Morelos con la leyenda &#8220;hasta el \u00faltimo aliento juntos&#8221;. &#8220;\u00a1Saludos desde M\u00e9xico!, este muro es s\u00edmbolo de amistad y uni\u00f3n, de un amor sin condiciones\u201d, agregaron.<\/p>\n<p style=\"text-align: center;\"><a href=\"https:\/\/www.futboltotal.com.mx\/futbol-mexicano\/\"><span style=\"color: #3366ff;\">LEER M\u00c1S: Todas las noticias de futbol internacional<\/span><\/a><\/p>\n<blockquote class=\"twitter-tweet\" data-conversation=\"none\" data-lang=\"es\">\n<p dir=\"ltr\" lang=\"es\">@BVB Greetings from &#x1f1f2;&#x1f1fd;! This wall is a symbol for friendship and union \/ Este muro es s\u00edmbolo de amistad y uni\u00f3n, de un #AmorSinCondiciones pic.twitter.com\/3KEZKYfF3Z<\/p>\n<p>\u2014 Monarcas Morelia (@FuerzaMonarca) 26 de enero de 2017<\/p><\/blockquote>\n<p><script async src=\"\/\/platform.twitter.com\/widgets.js\" charset=\"utf-8\"><\/script><\/p>\n<p>Por su parte, el Veracruz public\u00f3: &#8220;Un #Muro que nos una, no que nos divida&#8221;. El tuit lo acompa\u00f1\u00f3 con una foto en el estadio Luis Pirata Fuente donde aparecen centenares de aficionados sosteniendo una bandera del club.<\/p>\n<p>Las\u00a0<strong>Chivas<\/strong>\u00a0fueron el \u00faltimo equipo en sumarse y dise\u00f1aron una imagen con la silueta del mapa de M\u00e9xico y Estados Unidos con la frase: \u201cQue en nuestra cancha no haya un bal\u00f3n dividido. Nuestra causa: M\u00e9xico&#8221;. \u201cEs el momento de tomar acci\u00f3n, es momento de hacer a M\u00e9xico nuestra causa\u201d, a\u00f1adi\u00f3 el equipo en el tuit.<\/p>\n<blockquote class=\"twitter-tweet\" data-lang=\"es\">\n<p dir=\"ltr\" lang=\"es\">\u00a1Es el momento de tomar acci\u00f3n, es momento de hacer a M\u00e9xico nuestra causa! &#x1f4aa;&#x1f1f2;&#x1f1fd; <a href=\"https:\/\/twitter.com\/hashtag\/UnidosSomosCA3RONES?src=hash\">#UnidosSomosCA3RONES<\/a>. <a href=\"https:\/\/t.co\/eCFu2ZrgZu\">pic.twitter.com\/eCFu2ZrgZu<\/a><\/p>\n<p>\u2014 CHIVAS (@Chivas) <a href=\"https:\/\/twitter.com\/Chivas\/status\/824697554466177024\">26 de enero de 2017<\/a><\/p><\/blockquote>\n<p><script async src=\"\/\/platform.twitter.com\/widgets.js\" charset=\"utf-8\"><\/script><\/p>\n","protected":false},"excerpt":{"rendered":"<p>Varios clubes de la Liga MX expresan en redes sociales su postura contra la pol\u00edtica del presidente de Estados Unidos. <\/p>\n","protected":false},"author":20,"featured_media":456060,"comment_status":"closed","ping_status":"closed","sticky":false,"template":"","format":"standard","meta":[],"categories":[2198,3845,5950],"tags":[70,6135,5967,6049],"_links":{"self":[{"href":"http:\/\/desarrollo.grupomedios.com\/futbol\/wp-json\/wp\/v2\/posts\/456053"}],"collection":[{"href":"http:\/\/desarrollo.grupomedios.com\/futbol\/wp-json\/wp\/v2\/posts"}],"about":[{"href":"http:\/\/desarrollo.grupomedios.com\/futbol\/wp-json\/wp\/v2\/types\/post"}],"author":[{"embeddable":true,"href":"http:\/\/desarrollo.grupomedios.com\/futbol\/wp-json\/wp\/v2\/users\/20"}],"replies":[{"embeddable":true,"href":"http:\/\/desarrollo.grupomedios.com\/futbol\/wp-json\/wp\/v2\/comments?post=456053"}],"version-history":[{"count":0,"href":"http:\/\/desarrollo.grupomedios.com\/futbol\/wp-json\/wp\/v2\/posts\/456053\/revisions"}],"wp:featuredmedia":[{"embeddable":true,"href":"http:\/\/desarrollo.grupomedios.com\/futbol\/wp-json\/wp\/v2\/media\/456060"}],"wp:attachment":[{"href":"http:\/\/desarrollo.grupomedios.com\/futbol\/wp-json\/wp\/v2\/media?parent=456053"}],"wp:term":[{"taxonomy":"category","embeddable":true,"href":"http:\/\/desarrollo.grupomedios.com\/futbol\/wp-json\/wp\/v2\/categories?post=456053"},{"taxonomy":"post_tag","embeddable":true,"href":"http:\/\/desarrollo.grupomedios.com\/futbol\/wp-json\/wp\/v2\/tags?post=456053"}],"curies":[{"name":"wp","href":"https:\/\/api.w.org\/{rel}","templated":true}]}}