{"id":456115,"date":"2017-01-26T21:09:14","date_gmt":"2017-01-27T03:09:14","guid":{"rendered":"https:\/\/www.futboltotal.com.mx\/?p=456115"},"modified":"2017-01-26T21:09:37","modified_gmt":"2017-01-27T03:09:37","slug":"maria-espinoza-descarta-obtener-medalla-en-proximos-juegos-olimpicos","status":"publish","type":"post","link":"http:\/\/desarrollo.grupomedios.com\/futbol\/no-todo-es-futbol\/maria-espinoza-descarta-obtener-medalla-en-proximos-juegos-olimpicos\/2017\/01","title":{"rendered":"Mar\u00eda Espinoza descarta obtener medalla en pr\u00f3ximos JJOO"},"content":{"rendered":"<p>La mexicana <strong>Mar\u00eda Espinoza<\/strong>, triple medallista ol\u00edmpica de taekwondo, asegur\u00f3 hoy que ganar una cuarta presea en <strong>Juegos Ol\u00edmpicos<\/strong> no est\u00e1 en sus planes porque ni siquiera sabe si llegar\u00e1 a la justa de Tokio 2020.<\/p>\n<p>&#8220;No es un objetivo que yo tenga, no es algo que quiera decir, voy por la cuarta medalla sin saber como me encuentro f\u00edsicamente&#8221;, coment\u00f3 a los medios Espinoza, campeona ol\u00edmpica en Pek\u00edn 2008, subcampeona en R\u00edo 2016 y bronce en Londres 2012.<\/p>\n<p>Este jueves Mar\u00eda, campeona mundial del 2007, fue reconocida por el Comit\u00e9 Ol\u00edmpico Mexicano como la mejor deportista mujer de la historia del pa\u00eds, y aunque agradeci\u00f3, se neg\u00f3 a hablar sobre si espera incrementar su colecci\u00f3n de medallas.<\/p>\n<p>&#8220;Voy paso a paso, no me planteo, como en otros ciclos, ganar medallas; en 2009 y 2013 tuvo dos a\u00f1os malos poco despu\u00e9s de las medallas ol\u00edmpicas y ahora no quiero que me cueste ni me duela; ni siquiera s\u00e9 si voy a ir al Mundial de junio&#8221;, se\u00f1al\u00f3 la peleadora de m\u00e1s de 67 kilogramos.<\/p>\n<blockquote class=\"twitter-tweet\" data-lang=\"es\">\n<p dir=\"ltr\" lang=\"es\">Muchas gracias Mi General Secretario <a href=\"https:\/\/twitter.com\/S_Cienfuegos_Z\">@S_Cienfuegos_Z<\/a> por todo el apoyo, me siento muy orgullosa de representar a la <a href=\"https:\/\/twitter.com\/SEDENAmx\">@SEDENAmx<\/a> <a href=\"https:\/\/t.co\/SLbHGDU6pD\">pic.twitter.com\/SLbHGDU6pD<\/a><\/p>\n<p>\u2014 Maria Espinoza (@mariespinozatkd) <a href=\"https:\/\/twitter.com\/mariespinozatkd\/status\/824069137798283264\">25 de enero de 2017<\/a><\/p><\/blockquote>\n<p><script async src=\"\/\/platform.twitter.com\/widgets.js\" charset=\"utf-8\"><\/script><\/p>\n<p>Aunque tiene 29 a\u00f1os, una buena edad para su deporte, sobre todo en el caso de los pesos grandes como el de ella, Mar\u00eda lleva tres ciclos ol\u00edmpicos y hoy confes\u00f3 que con los a\u00f1os han cambiado cosas porque si bien tiene experiencia, se demora m\u00e1s en recuperarse.<\/p>\n<p style=\"text-align: center;\"><span style=\"color: #3366ff;\"><a style=\"color: #3366ff;\" href=\"https:\/\/www.futboltotal.com.mx\/2017\/01\/kristin-kreuk-gimnasta-a-actriz\/\" target=\"_blank\"><strong>LEER M\u00c1S: Kristin Kreuk, de gimnasta a actriz<\/strong><\/a><\/span><\/p>\n<p>&#8220;Ahora tomas las cosas con calma, hay experiencia y vas paso a paso, pero tambi\u00e9n demoro en recuperarme; antes se me hinchaba un dedo y al otro d\u00eda no ten\u00eda nada, ahora tardo en curarme un golpe o una lesi\u00f3n&#8221;, observ\u00f3.<\/p>\n<p>Mar\u00eda regreso este mes a los entrenamientos de la selecci\u00f3n nacional y su primer prop\u00f3sito es recuperar la forma deportiva y relacionarse con el cambio de reglamento de su deporte que se aplicar\u00e1 en los Mundiales de Corea en junio pr\u00f3ximo.<\/p>\n<p>&#8220;Hay que ver c\u00f3mo aplican el reglamento nuevo, c\u00f3mo est\u00e1n los jueces con eso y si merece la pena ir al Mundial o mejor relacionarse con las reglas y adaptarse a ellas con tiempo&#8221;, se\u00f1al\u00f3.<\/p>\n<p>Las tres medallas ol\u00edmpicas de Mar\u00eda encabezan la cosecha del taekwondo en los \u00faltimos cinco Juegos Ol\u00edmpicos en los que alcanz\u00f3 presea en cada uno de ellos; en Pek\u00edn 2008 Guillermo P\u00e9rez gan\u00f3 oro, en Atenas 2004, \u00d3scar Salazar conquist\u00f3 plata, y tambi\u00e9n hay dos de bronce, de V\u00edctor Estrada, en Sydney 2000, e Iridia Salazar, en Atenas 2004.<\/p>\n<blockquote class=\"twitter-tweet\" data-lang=\"es\">\n<p dir=\"ltr\" lang=\"es\">Estoy muy contenta de haber recibido por parte de <a href=\"https:\/\/twitter.com\/EPN\">@EPN<\/a> el Premio Nacional del Deporte. <a href=\"https:\/\/t.co\/T3Rh5aNOlb\">pic.twitter.com\/T3Rh5aNOlb<\/a><\/p>\n<p>\u2014 Maria Espinoza (@mariespinozatkd) <a href=\"https:\/\/twitter.com\/mariespinozatkd\/status\/824056044389183488\">25 de enero de 2017<\/a><\/p><\/blockquote>\n<p><script async src=\"\/\/platform.twitter.com\/widgets.js\" charset=\"utf-8\"><\/script><\/p>\n<p><strong>S\u00edguenos en Twitter:<\/strong> <a href=\"https:\/\/twitter.com\/MXFutbolTotal\" target=\"_blank\">@MXFutbolTotal<\/a><\/p>\n","protected":false},"excerpt":{"rendered":"<p>La taekwondo\u00edn ya no ambiciona m\u00e1s preseas ol\u00edmpicos; pronosticar\u00eda su retiro.<\/p>\n","protected":false},"author":144,"featured_media":455434,"comment_status":"closed","ping_status":"closed","sticky":false,"template":"","format":"standard","meta":[],"categories":[5418,6411],"tags":[5461],"_links":{"self":[{"href":"http:\/\/desarrollo.grupomedios.com\/futbol\/wp-json\/wp\/v2\/posts\/456115"}],"collection":[{"href":"http:\/\/desarrollo.grupomedios.com\/futbol\/wp-json\/wp\/v2\/posts"}],"about":[{"href":"http:\/\/desarrollo.grupomedios.com\/futbol\/wp-json\/wp\/v2\/types\/post"}],"author":[{"embeddable":true,"href":"http:\/\/desarrollo.grupomedios.com\/futbol\/wp-json\/wp\/v2\/users\/144"}],"replies":[{"embeddable":true,"href":"http:\/\/desarrollo.grupomedios.com\/futbol\/wp-json\/wp\/v2\/comments?post=456115"}],"version-history":[{"count":0,"href":"http:\/\/desarrollo.grupomedios.com\/futbol\/wp-json\/wp\/v2\/posts\/456115\/revisions"}],"wp:featuredmedia":[{"embeddable":true,"href":"http:\/\/desarrollo.grupomedios.com\/futbol\/wp-json\/wp\/v2\/media\/455434"}],"wp:attachment":[{"href":"http:\/\/desarrollo.grupomedios.com\/futbol\/wp-json\/wp\/v2\/media?parent=456115"}],"wp:term":[{"taxonomy":"category","embeddable":true,"href":"http:\/\/desarrollo.grupomedios.com\/futbol\/wp-json\/wp\/v2\/categories?post=456115"},{"taxonomy":"post_tag","embeddable":true,"href":"http:\/\/desarrollo.grupomedios.com\/futbol\/wp-json\/wp\/v2\/tags?post=456115"}],"curies":[{"name":"wp","href":"https:\/\/api.w.org\/{rel}","templated":true}]}}