{"id":456127,"date":"2017-01-26T20:30:59","date_gmt":"2017-01-27T02:30:59","guid":{"rendered":"https:\/\/www.futboltotal.com.mx\/?p=456127"},"modified":"2017-01-27T14:53:28","modified_gmt":"2017-01-27T20:53:28","slug":"vargas-presentado-tigres-proximo-lunes","status":"publish","type":"post","link":"http:\/\/desarrollo.grupomedios.com\/futbol\/destacado-home\/vargas-presentado-tigres-proximo-lunes\/2017\/01","title":{"rendered":"Vargas ser\u00eda presentado con Tigres el pr\u00f3ximo lunes"},"content":{"rendered":"<p>Ya con tres Jornadas disputadas, Tigres lo ha vuelto a hacer al concretar el fichaje m\u00e1s sonado como en los \u00faltimos torneos, pues la llegada de <strong>Eduardo Vargas<\/strong> con los felinos es un hecho.<\/p>\n<p>El fichaje se dio casi por hecho luego de que el d\u00eda de ayer el club anunciara la <a href=\"https:\/\/www.futboltotal.com.mx\/2017\/01\/andy-delort-deja-jugador-tigres\/\" target=\"_blank\">salida del franc\u00e9s Andy Delort<\/a>, por lo que ahora el chileno ser\u00e1 quien se encargue de tomar su lugar en el equipo de Ricardo Ferretti.<\/p>\n<p>Seg\u00fan informa el portal Mediotiempo, Eduardo Vargas ya tendr\u00eda un acuerdo con Tigres para firmar y solo faltar\u00eda que realice las pruebas m\u00e9dicas para enfundarse la playera felina.<\/p>\n<p style=\"text-align: center;\"><span style=\"color: #3366ff;\"><a style=\"color: #3366ff;\" href=\"https:\/\/www.futboltotal.com.mx\/2017\/01\/giovani-llamado-al-tri-ante-islandia-edson-la-sorpresa\/\">LEER M\u00c1S: Giovani ser\u00eda llamado al Tri ante Islandia; Edson, la sorpresa<\/a><\/span><\/p>\n<p>El todav\u00eda atacante del Hoffenheim de Alemania estar\u00eda llegando el pr\u00f3ximo domingo a M\u00e9xico para realizar las pruebas m\u00e9dicas y ser presentado el pr\u00f3ximo lunes en Monterrey, justo un d\u00eda antes del cierre de registros.<\/p>\n<p>Ahora <strong>Vargas<\/strong> est\u00e1 de vacaciones en Porto Alegre, Brasil, y ser\u00e1 en las pr\u00f3ximas horas cuando regrese a Chile para preparar todo para su nuevo destino en M\u00e9xico.<\/p>\n","protected":false},"excerpt":{"rendered":"<p>Vargas ser\u00eda presentado el pr\u00f3ximo lunes con Tigres.<\/p>\n","protected":false},"author":20,"featured_media":408685,"comment_status":"closed","ping_status":"closed","sticky":false,"template":"","format":"standard","meta":[],"categories":[5,2198,3845],"tags":[5994,5973],"_links":{"self":[{"href":"http:\/\/desarrollo.grupomedios.com\/futbol\/wp-json\/wp\/v2\/posts\/456127"}],"collection":[{"href":"http:\/\/desarrollo.grupomedios.com\/futbol\/wp-json\/wp\/v2\/posts"}],"about":[{"href":"http:\/\/desarrollo.grupomedios.com\/futbol\/wp-json\/wp\/v2\/types\/post"}],"author":[{"embeddable":true,"href":"http:\/\/desarrollo.grupomedios.com\/futbol\/wp-json\/wp\/v2\/users\/20"}],"replies":[{"embeddable":true,"href":"http:\/\/desarrollo.grupomedios.com\/futbol\/wp-json\/wp\/v2\/comments?post=456127"}],"version-history":[{"count":0,"href":"http:\/\/desarrollo.grupomedios.com\/futbol\/wp-json\/wp\/v2\/posts\/456127\/revisions"}],"wp:featuredmedia":[{"embeddable":true,"href":"http:\/\/desarrollo.grupomedios.com\/futbol\/wp-json\/wp\/v2\/media\/408685"}],"wp:attachment":[{"href":"http:\/\/desarrollo.grupomedios.com\/futbol\/wp-json\/wp\/v2\/media?parent=456127"}],"wp:term":[{"taxonomy":"category","embeddable":true,"href":"http:\/\/desarrollo.grupomedios.com\/futbol\/wp-json\/wp\/v2\/categories?post=456127"},{"taxonomy":"post_tag","embeddable":true,"href":"http:\/\/desarrollo.grupomedios.com\/futbol\/wp-json\/wp\/v2\/tags?post=456127"}],"curies":[{"name":"wp","href":"https:\/\/api.w.org\/{rel}","templated":true}]}}