{"id":456134,"date":"2017-01-27T10:26:42","date_gmt":"2017-01-27T16:26:42","guid":{"rendered":"https:\/\/www.futboltotal.com.mx\/?p=456134"},"modified":"2017-01-27T10:26:42","modified_gmt":"2017-01-27T16:26:42","slug":"granada-le-pone-competencia-a-ochoa","status":"publish","type":"post","link":"http:\/\/desarrollo.grupomedios.com\/futbol\/futbol-internacional\/granada-le-pone-competencia-a-ochoa\/2017\/01","title":{"rendered":"Granada le pone competencia en la porter\u00eda a Ochoa"},"content":{"rendered":"<p>El Granada, del mexicano <strong>Guillermo Ochoa<\/strong>, ha fichado para lo que queda de temporada y cuatro m\u00e1s al portero portugu\u00e9s Rui Silva, internacional sub-21 luso procedente del Nacional de Madeira, y que se convierte en la cuarta incorporaci\u00f3n de los rojiblancos en este mercado invernal.<\/p>\n<p>El acuerdo entre el Granada y Rui Silva recoge que el cancerbero, que el 7 de febrero cumplir\u00e1 23 a\u00f1os, se compromete con el conjunto granadino hasta el final de la campa\u00f1a 2020-21, anunci\u00f3 este viernes en un comunicado el club rojiblanco.<\/p>\n<p>https:\/\/twitter.com\/GranadaCdeF\/status\/825002930470264832<\/p>\n<p>Rui Tiago Dantas Silva, nacido en \u00c1guas Santas (Maia), en el distrito de Oporto, lleg\u00f3 en edad juvenil al Nacional de Madeira, en 2012, y ha sido internacional sub-19, sub-20 y sub-21 con la selecci\u00f3n portuguesa.<\/p>\n<p style=\"text-align: center;\">A pesar de no haber entrenado a\u00fan con su nuevo equipo, el joven guardameta se ha incorporado directamente a la lista de expedicionarios del Granada para el encuentro que disputar\u00e1 este s\u00e1bado contra el Villarreal, una convocatoria que pasa a tener diecinueve jugadores y tres porteros, donde destaca Ochoa.<\/p>\n<p style=\"text-align: center;\"><span style=\"color: #3366ff;\"><a style=\"color: #3366ff;\" href=\"https:\/\/www.futboltotal.com.mx\/2017\/01\/vargas-presentado-tigres-proximo-lunes\/\">LEER M\u00c1S: Vargas ser\u00eda presentado con Tigres el pr\u00f3ximo lunes<\/a><\/span><\/p>\n<p>Su llegada al Granada se produce para reemplazar en la plantilla al arquero guipuzcoano Oier Olazabal, que va abandonar el equipo en este mercado invernal, seg\u00fan anunci\u00f3 este jueves en rueda de prensa el director deportivo del club, Javier Torralbo &#8216;Piru&#8217;.<\/p>\n<p>Rui Silva es la cuarta incorporaci\u00f3n del Granada en este mercado de invierno, despu\u00e9s de las anteriores llegadas del central island\u00e9s Sverrir Ingi Ingason (KSC Lokeren), del medio griego Panagiotis Kone (cedido por el Udinese) y del delantero colombiano Adri\u00e1n Ramos (a pr\u00e9stamo por el Borussia Dortmund). EFE<\/p>\n","protected":false},"excerpt":{"rendered":"<p>El club fich\u00f3 a un portero de apenas 22 a\u00f1os.<\/p>\n","protected":false},"author":144,"featured_media":449561,"comment_status":"closed","ping_status":"closed","sticky":false,"template":"","format":"standard","meta":[],"categories":[3839,5951],"tags":[700,2027],"_links":{"self":[{"href":"http:\/\/desarrollo.grupomedios.com\/futbol\/wp-json\/wp\/v2\/posts\/456134"}],"collection":[{"href":"http:\/\/desarrollo.grupomedios.com\/futbol\/wp-json\/wp\/v2\/posts"}],"about":[{"href":"http:\/\/desarrollo.grupomedios.com\/futbol\/wp-json\/wp\/v2\/types\/post"}],"author":[{"embeddable":true,"href":"http:\/\/desarrollo.grupomedios.com\/futbol\/wp-json\/wp\/v2\/users\/144"}],"replies":[{"embeddable":true,"href":"http:\/\/desarrollo.grupomedios.com\/futbol\/wp-json\/wp\/v2\/comments?post=456134"}],"version-history":[{"count":0,"href":"http:\/\/desarrollo.grupomedios.com\/futbol\/wp-json\/wp\/v2\/posts\/456134\/revisions"}],"wp:featuredmedia":[{"embeddable":true,"href":"http:\/\/desarrollo.grupomedios.com\/futbol\/wp-json\/wp\/v2\/media\/449561"}],"wp:attachment":[{"href":"http:\/\/desarrollo.grupomedios.com\/futbol\/wp-json\/wp\/v2\/media?parent=456134"}],"wp:term":[{"taxonomy":"category","embeddable":true,"href":"http:\/\/desarrollo.grupomedios.com\/futbol\/wp-json\/wp\/v2\/categories?post=456134"},{"taxonomy":"post_tag","embeddable":true,"href":"http:\/\/desarrollo.grupomedios.com\/futbol\/wp-json\/wp\/v2\/tags?post=456134"}],"curies":[{"name":"wp","href":"https:\/\/api.w.org\/{rel}","templated":true}]}}