{"id":456164,"date":"2017-01-27T11:57:52","date_gmt":"2017-01-27T17:57:52","guid":{"rendered":"https:\/\/www.futboltotal.com.mx\/?p=456164"},"modified":"2017-01-27T12:08:23","modified_gmt":"2017-01-27T18:08:23","slug":"la-volpe-mandara-a-michael-arroyo-a-las-tribunas-ante-veracruz","status":"publish","type":"post","link":"http:\/\/desarrollo.grupomedios.com\/futbol\/destacado-home\/la-volpe-mandara-a-michael-arroyo-a-las-tribunas-ante-veracruz\/2017\/01","title":{"rendered":"La Volpe mandar\u00e1 a Michael Arroyo a las tribunas ante Veracruz"},"content":{"rendered":"<p>La regla 10\/8 sigue cobrando v\u00edctimas en la Liga MX y esta vez ha sido el turno del <strong>Am\u00e9rica<\/strong>, equipo que como consecuencia de la alta cantidad de extranjeros y naturalizados en su plantel se ha visto forzado a enviar a las tribunas a uno de sus jugadores para el partido de la jornada 4 del <strong>Clausura 2017<\/strong> ante <strong>Veracruz<\/strong>.<\/p>\n<p>Al parecer, el entrenador Ricardo <strong>La Volpe<\/strong> se ha decidido por el ecuatoriano <strong>Michael Arroyo<\/strong> para descartarlo de la convocatoria del duelo ante los Tiburones, luego de que con la llegada del paraguayo Cecilio Dom\u00ednguez la cantidad de for\u00e1neos en la plantilla azulcrema lleg\u00f3 a 11.<\/p>\n<p style=\"text-align: center;\"><a href=\"https:\/\/www.futboltotal.com.mx\/2017\/01\/cecilio-dominguez-mi-sucesor-en-america-cabanas\/\">VER M\u00c1S: CECILIO DOM\u00cdNGUEZ, MI SUCESOR EN AM\u00c9RICA: CABA\u00d1AS<\/a><\/p>\n<p>Precisamente, el guaran\u00ed Dom\u00ednguez ha sido parte del equipo titular de las \u00c1guilas durante todos sus entrenamientos realizados en esta semana, lo que aunado al buen momento que vive el colombiano Darwin Quintero en este arranque de torneo ha hecho que el Bigot\u00f3n decidiera prescindir de Micky.<\/p>\n<p>Las malas noticias al interior del cuadro de Coapa aumentar\u00e1n en los pr\u00f3ximos d\u00edas, cuando el joven Christian Paredes, quien est\u00e1 disputando el Premundial Sub 20 con su selecci\u00f3n, se sume al Am\u00e9rica y con \u00e9l ya ser\u00edan 12 extranjeros, lo que obligar\u00e1 a La Volpe a enviar a dos jugadores a las tribunas en cada partido.<\/p>\n<p style=\"text-align: center;\"><a href=\"https:\/\/www.futboltotal.com.mx\/2017\/01\/agenda-tv-america-busca-salir-del-sotano-ante-veracruz\/\">VER M\u00c1S: AGENDA TV: AM\u00c9RICA BUSCA SALIR DEL S\u00d3TANO ANTE VERACRUZ<\/a><\/p>\n<p class=\"p1\"><span class=\"s1\"><b>S\u00edguenos en Twitter<\/b>:\u00a0<a href=\"https:\/\/twitter.com\/MXFutbolTotal\"><span class=\"s2\">@MXFutbolTotal<\/span><\/a><\/span><\/p>\n","protected":false},"excerpt":{"rendered":"<p>La regla 10\/8 sigue cobrando v\u00edctimas en la Liga MX y esta vez ha sido el turno del Am\u00e9rica.<\/p>\n","protected":false},"author":20,"featured_media":448262,"comment_status":"closed","ping_status":"closed","sticky":false,"template":"","format":"standard","meta":[],"categories":[5,2198,3845],"tags":[1585,5959,5471,7732,7440,64,4775,7648,767],"_links":{"self":[{"href":"http:\/\/desarrollo.grupomedios.com\/futbol\/wp-json\/wp\/v2\/posts\/456164"}],"collection":[{"href":"http:\/\/desarrollo.grupomedios.com\/futbol\/wp-json\/wp\/v2\/posts"}],"about":[{"href":"http:\/\/desarrollo.grupomedios.com\/futbol\/wp-json\/wp\/v2\/types\/post"}],"author":[{"embeddable":true,"href":"http:\/\/desarrollo.grupomedios.com\/futbol\/wp-json\/wp\/v2\/users\/20"}],"replies":[{"embeddable":true,"href":"http:\/\/desarrollo.grupomedios.com\/futbol\/wp-json\/wp\/v2\/comments?post=456164"}],"version-history":[{"count":0,"href":"http:\/\/desarrollo.grupomedios.com\/futbol\/wp-json\/wp\/v2\/posts\/456164\/revisions"}],"wp:featuredmedia":[{"embeddable":true,"href":"http:\/\/desarrollo.grupomedios.com\/futbol\/wp-json\/wp\/v2\/media\/448262"}],"wp:attachment":[{"href":"http:\/\/desarrollo.grupomedios.com\/futbol\/wp-json\/wp\/v2\/media?parent=456164"}],"wp:term":[{"taxonomy":"category","embeddable":true,"href":"http:\/\/desarrollo.grupomedios.com\/futbol\/wp-json\/wp\/v2\/categories?post=456164"},{"taxonomy":"post_tag","embeddable":true,"href":"http:\/\/desarrollo.grupomedios.com\/futbol\/wp-json\/wp\/v2\/tags?post=456164"}],"curies":[{"name":"wp","href":"https:\/\/api.w.org\/{rel}","templated":true}]}}