{"id":456168,"date":"2017-01-27T12:35:38","date_gmt":"2017-01-27T18:35:38","guid":{"rendered":"https:\/\/www.futboltotal.com.mx\/?p=456168"},"modified":"2017-01-27T12:35:38","modified_gmt":"2017-01-27T18:35:38","slug":"arda-turan-se-afeita-ter-stegen-se-rapa-ganan-champions","status":"publish","type":"post","link":"http:\/\/desarrollo.grupomedios.com\/futbol\/futbol-internacional\/arda-turan-se-afeita-ter-stegen-se-rapa-ganan-champions\/2017\/01","title":{"rendered":"Arda Tur\u00e1n se afeita si Ter Stegen se rapa \u00a1y ganan Champions!"},"content":{"rendered":"<p>El rendimiento de <strong>Arda Tur\u00e1n<\/strong> durante la actual campa\u00f1a con el <strong>Barcelona<\/strong> ha sido el mejor del turco en su paso por el cuadro blaugrana, al grado de que ya alcanz\u00f3 su mejor cuota goleadora en una sola temporada.<\/p>\n<p>Sin embargo, el mediocampista de abundante barba no pierde su humor en todo momento, al igual que su amigo y compa\u00f1ero Marc-Andr\u00e9 <strong>Ter Stegen<\/strong>. Todo comenz\u00f3 cuando el arquero alem\u00e1n felicit\u00f3 al turco en redes sociales por su marca de anotaciones, adem\u00e1s de lanzarle un &#8216;reto&#8217; si es que alcanza los 20 tantos.<\/p>\n<p>&nbsp;<\/p>\n<blockquote class=\"twitter-tweet\" data-lang=\"es\">\n<p dir=\"ltr\" lang=\"en\">13 goals scored, congrats man ! &#x1f44f;&#x1f3fb;&#x1f44f;&#x1f3fb; you shave the beard if you score 20? &#x1f61c; <a href=\"https:\/\/t.co\/Qb7OnhviVg\">https:\/\/t.co\/Qb7OnhviVg<\/a><\/p>\n<p>\u2014 Marc ter Stegen (@mterstegen1) <a href=\"https:\/\/twitter.com\/mterstegen1\/status\/824916806859096064\">27 de enero de 2017<\/a><\/p><\/blockquote>\n<p><script async src=\"\/\/platform.twitter.com\/widgets.js\" charset=\"utf-8\"><\/script><\/p>\n<p>Casi de inmediato, Tur\u00e1n le respondi\u00f3 al portero titular del Barcelona proponiendo algo a\u00fan mejor.<\/p>\n<p>&nbsp;<\/p>\n<blockquote class=\"twitter-tweet\" data-lang=\"es\">\n<p dir=\"ltr\" lang=\"en\">I&#8217;ll shave my beard only if we win <a href=\"https:\/\/twitter.com\/ChampionsLeague\">@ChampionsLeague<\/a> but if it happens, I&#8217;ll shave your head too! Ok? &#x1f609; <a href=\"https:\/\/t.co\/4PsRPT11wi\">https:\/\/t.co\/4PsRPT11wi<\/a><\/p>\n<p>\u2014 Arda Turan (@ArdaTuran) <a href=\"https:\/\/twitter.com\/ArdaTuran\/status\/824939505245360128\">27 de enero de 2017<\/a><\/p><\/blockquote>\n<p><script async src=\"\/\/platform.twitter.com\/widgets.js\" charset=\"utf-8\"><\/script><\/p>\n<p>\u00bfEn qu\u00e9 acabar\u00e1 esta propuesta?, \u00bfhabr\u00e1 aceptado Ter Stegen y, en caso de que Barcelona levante la <em>Orejona<\/em> veremos a uno sin cabello y a otro sin su peculiar barba? Eso lo sabremos en unos meses.<\/p>\n<p><a href=\"https:\/\/www.futboltotal.com.mx\/2017\/01\/figuras-del-barcelona-felicitan-en-chino-nuevo-ano-china\/\">VER M\u00c1S: FIGURAS DEL BARCELONA FELICITAN EN CHINO EL A\u00d1O NUEVO DE CHINA<\/a><\/p>\n<p class=\"p1\"><span class=\"s1\"><b>S\u00edguenos en Twitter<\/b>:\u00a0<a href=\"https:\/\/twitter.com\/MXFutbolTotal\"><span class=\"s2\">@MXFutbolTotal<\/span><\/a><\/span><\/p>\n","protected":false},"excerpt":{"rendered":"<p>El mediocampista turco y el portero alem\u00e1n del Barcelona se lanzaron un par de divertidos retos.<\/p>\n","protected":false},"author":20,"featured_media":456171,"comment_status":"closed","ping_status":"closed","sticky":false,"template":"","format":"standard","meta":[],"categories":[5419,3841,3839,3844],"tags":[7757,6055,5984,97,36,4510,2933],"_links":{"self":[{"href":"http:\/\/desarrollo.grupomedios.com\/futbol\/wp-json\/wp\/v2\/posts\/456168"}],"collection":[{"href":"http:\/\/desarrollo.grupomedios.com\/futbol\/wp-json\/wp\/v2\/posts"}],"about":[{"href":"http:\/\/desarrollo.grupomedios.com\/futbol\/wp-json\/wp\/v2\/types\/post"}],"author":[{"embeddable":true,"href":"http:\/\/desarrollo.grupomedios.com\/futbol\/wp-json\/wp\/v2\/users\/20"}],"replies":[{"embeddable":true,"href":"http:\/\/desarrollo.grupomedios.com\/futbol\/wp-json\/wp\/v2\/comments?post=456168"}],"version-history":[{"count":0,"href":"http:\/\/desarrollo.grupomedios.com\/futbol\/wp-json\/wp\/v2\/posts\/456168\/revisions"}],"wp:featuredmedia":[{"embeddable":true,"href":"http:\/\/desarrollo.grupomedios.com\/futbol\/wp-json\/wp\/v2\/media\/456171"}],"wp:attachment":[{"href":"http:\/\/desarrollo.grupomedios.com\/futbol\/wp-json\/wp\/v2\/media?parent=456168"}],"wp:term":[{"taxonomy":"category","embeddable":true,"href":"http:\/\/desarrollo.grupomedios.com\/futbol\/wp-json\/wp\/v2\/categories?post=456168"},{"taxonomy":"post_tag","embeddable":true,"href":"http:\/\/desarrollo.grupomedios.com\/futbol\/wp-json\/wp\/v2\/tags?post=456168"}],"curies":[{"name":"wp","href":"https:\/\/api.w.org\/{rel}","templated":true}]}}