{"id":456172,"date":"2017-01-27T13:06:53","date_gmt":"2017-01-27T19:06:53","guid":{"rendered":"https:\/\/www.futboltotal.com.mx\/?p=456172"},"modified":"2017-01-27T13:06:53","modified_gmt":"2017-01-27T19:06:53","slug":"pato-saldra-del-villarreal-ir-a-china","status":"publish","type":"post","link":"http:\/\/desarrollo.grupomedios.com\/futbol\/futbol-internacional\/pato-saldra-del-villarreal-ir-a-china\/2017\/01","title":{"rendered":"Pato saldr\u00e1 del Villarreal para ir a jugar a China"},"content":{"rendered":"<p>El delantero brasile\u00f1o del Villarreal <strong>Alexandre Pato<\/strong> ha viajado este viernes a Italia con permiso de su club para cerrar la negociaci\u00f3n de su traspaso al club chino Tianjin Quanjian.<\/p>\n<blockquote class=\"twitter-tweet\" data-width=\"500\">\n<p lang=\"es\" dir=\"ltr\"><a href=\"https:\/\/twitter.com\/hashtag\/VillarrealGranada?src=hash\">#VillarrealGranada<\/a> | En unos minutos, la rueda de prensa de Fran Escrib\u00e1 en directo en <a href=\"https:\/\/twitter.com\/periscopetv\">@periscopetv<\/a> y <a href=\"https:\/\/twitter.com\/hashtag\/Live?src=hash\">#Live<\/a>: <a href=\"https:\/\/t.co\/V158g79Nvk\">https:\/\/t.co\/V158g79Nvk<\/a> <a href=\"https:\/\/t.co\/0iuqsbKQEm\">pic.twitter.com\/0iuqsbKQEm<\/a><\/p>\n<p>&mdash; Villarreal CF (@VillarrealCF) <a href=\"https:\/\/twitter.com\/VillarrealCF\/status\/824941568914243586\">January 27, 2017<\/a><\/p><\/blockquote>\n<p><script async src=\"\/\/platform.twitter.com\/widgets.js\" charset=\"utf-8\"><\/script><\/p>\n<p>El jugador dispone del fin de semana para negociar en Italia, lugar en el que se encuentran los dirigentes del club chino, ya que el equipo completa all\u00ed su pretemporada.<\/p>\n<p style=\"text-align: center;\"><span style=\"color: #3366ff;\"><a style=\"color: #3366ff;\" href=\"https:\/\/www.futboltotal.com.mx\/2017\/01\/neymar-sus-peleas-fallidas-ante-los-jugadores-mexicanos\/\">LEER M\u00c1S: Neymar y sus \u2018peleas\u2019 fallidas ante los jugadores mexicanos<\/a><\/span><\/p>\n<p>Desde el Villarreal se ha confirmado a EFE el permiso concedido al jugador y se ha explicado que en estos d\u00edas existen ciertas dificultades para completar el traspaso, ya que en estas fechas se celebra el a\u00f1o nuevo chino, pero que pese a ello se espera que en los pr\u00f3ximos d\u00edas se cierre la salida del futbolista.<\/p>\n<p>El entrenador del Villarreal, Fran Escrib\u00e1, explic\u00f3 este viernes que iba a prescindir del futbolista en el encuentro de este s\u00e1bado ante el Granada para no correr riesgos innecesarios que pudieran dificultar las negociaciones para la salida de Pato del club. EFE<\/p>\n","protected":false},"excerpt":{"rendered":"<p>El brasile\u00f1o continuara su carrera en la liga china.<\/p>\n","protected":false},"author":144,"featured_media":421250,"comment_status":"closed","ping_status":"closed","sticky":false,"template":"","format":"standard","meta":[],"categories":[3839,5951],"tags":[6214,2163,2607],"_links":{"self":[{"href":"http:\/\/desarrollo.grupomedios.com\/futbol\/wp-json\/wp\/v2\/posts\/456172"}],"collection":[{"href":"http:\/\/desarrollo.grupomedios.com\/futbol\/wp-json\/wp\/v2\/posts"}],"about":[{"href":"http:\/\/desarrollo.grupomedios.com\/futbol\/wp-json\/wp\/v2\/types\/post"}],"author":[{"embeddable":true,"href":"http:\/\/desarrollo.grupomedios.com\/futbol\/wp-json\/wp\/v2\/users\/144"}],"replies":[{"embeddable":true,"href":"http:\/\/desarrollo.grupomedios.com\/futbol\/wp-json\/wp\/v2\/comments?post=456172"}],"version-history":[{"count":0,"href":"http:\/\/desarrollo.grupomedios.com\/futbol\/wp-json\/wp\/v2\/posts\/456172\/revisions"}],"wp:featuredmedia":[{"embeddable":true,"href":"http:\/\/desarrollo.grupomedios.com\/futbol\/wp-json\/wp\/v2\/media\/421250"}],"wp:attachment":[{"href":"http:\/\/desarrollo.grupomedios.com\/futbol\/wp-json\/wp\/v2\/media?parent=456172"}],"wp:term":[{"taxonomy":"category","embeddable":true,"href":"http:\/\/desarrollo.grupomedios.com\/futbol\/wp-json\/wp\/v2\/categories?post=456172"},{"taxonomy":"post_tag","embeddable":true,"href":"http:\/\/desarrollo.grupomedios.com\/futbol\/wp-json\/wp\/v2\/tags?post=456172"}],"curies":[{"name":"wp","href":"https:\/\/api.w.org\/{rel}","templated":true}]}}