{"id":456184,"date":"2017-01-27T14:36:53","date_gmt":"2017-01-27T20:36:53","guid":{"rendered":"https:\/\/www.futboltotal.com.mx\/?p=456184"},"modified":"2017-01-27T14:36:53","modified_gmt":"2017-01-27T20:36:53","slug":"adrian-goransch-tercer-mexicano-juega-en-alemania","status":"publish","type":"post","link":"http:\/\/desarrollo.grupomedios.com\/futbol\/destacado-home\/adrian-goransch-tercer-mexicano-juega-en-alemania\/2017\/01","title":{"rendered":"Adri\u00e1n Goransch, el tercer mexicano que juega en Alemania"},"content":{"rendered":"<p>Ya no s\u00f3lo hay un par de futbolistas mexicanos jugando en el f\u00fatbol de Alemania. A <strong>Javier <em>Chicharito<\/em> Hern\u00e1ndez<\/strong> y <strong>Marco Fabi\u00e1n<\/strong>, quienes participan con <strong>Bayer Leverkusen<\/strong> y <strong>Eintracht Frankfurt<\/strong> de la Bundesliga, se suma\u00a0Adri\u00e1n Goransch,\u00a0juvenil del <strong>Wolfsburg<\/strong>.<\/p>\n<p>De acuerdo a reportes de ESPN, este chico de apenas 18 a\u00f1os forma parte del equipo Sub 19 de los Lobos y est\u00e1 en la mira del \u00e1rea de visor\u00edas de Selecciones Menores de la Federaci\u00f3n Mexicana de Futbol.<\/p>\n<p>Dennis te Klose, responsable de Selecciones Menores del Tri, habr\u00eda aceptado que se le est\u00e1 siguiendo a Goransch, quien cuenta tanto con nacionalidad alemana como mexicana debido a que desde peque\u00f1o lleg\u00f3 a suelo alem\u00e1n porque\u00a0su padre trabaja para la automotriz que es due\u00f1a del Wolfsburg.<\/p>\n<p>La progresi\u00f3n de Adri\u00e1n con los Lobos lo ha llevado a tener un puesto en su equipo sub 19 y en su momento buscar\u00eda\u00a0ascender al combinado sub 23, la mayor categor\u00eda antes de llegar al primer equipo.<\/p>\n<p>Goransch\u00a0es elegible para jugar con la selecci\u00f3n Sub 20 del Tri, pero no ser\u00e1 llamado para disputar el Premundial de la categor\u00eda en Costa Rica pues prefieren seguir la progresi\u00f3n futbol\u00edstica del jugador y esperar al momento adecuado.<\/p>\n<p class=\"p1\"><span class=\"s1\"><b>S\u00edguenos en Twitter<\/b>:\u00a0<a href=\"https:\/\/twitter.com\/MXFutbolTotal\"><span class=\"s2\">@MXFutbolTotal<\/span><\/a><\/span><\/p>\n","protected":false},"excerpt":{"rendered":"<p>Este chico de 18 a\u00f1os forma parte del equipo Sub 19 del Wolfsburg y est\u00e1 en la mira del Tri.<\/p>\n","protected":false},"author":20,"featured_media":456185,"comment_status":"closed","ping_status":"closed","sticky":false,"template":"","format":"standard","meta":[],"categories":[5,3839,6822,6718],"tags":[8120,119,8121],"_links":{"self":[{"href":"http:\/\/desarrollo.grupomedios.com\/futbol\/wp-json\/wp\/v2\/posts\/456184"}],"collection":[{"href":"http:\/\/desarrollo.grupomedios.com\/futbol\/wp-json\/wp\/v2\/posts"}],"about":[{"href":"http:\/\/desarrollo.grupomedios.com\/futbol\/wp-json\/wp\/v2\/types\/post"}],"author":[{"embeddable":true,"href":"http:\/\/desarrollo.grupomedios.com\/futbol\/wp-json\/wp\/v2\/users\/20"}],"replies":[{"embeddable":true,"href":"http:\/\/desarrollo.grupomedios.com\/futbol\/wp-json\/wp\/v2\/comments?post=456184"}],"version-history":[{"count":0,"href":"http:\/\/desarrollo.grupomedios.com\/futbol\/wp-json\/wp\/v2\/posts\/456184\/revisions"}],"wp:featuredmedia":[{"embeddable":true,"href":"http:\/\/desarrollo.grupomedios.com\/futbol\/wp-json\/wp\/v2\/media\/456185"}],"wp:attachment":[{"href":"http:\/\/desarrollo.grupomedios.com\/futbol\/wp-json\/wp\/v2\/media?parent=456184"}],"wp:term":[{"taxonomy":"category","embeddable":true,"href":"http:\/\/desarrollo.grupomedios.com\/futbol\/wp-json\/wp\/v2\/categories?post=456184"},{"taxonomy":"post_tag","embeddable":true,"href":"http:\/\/desarrollo.grupomedios.com\/futbol\/wp-json\/wp\/v2\/tags?post=456184"}],"curies":[{"name":"wp","href":"https:\/\/api.w.org\/{rel}","templated":true}]}}