{"id":456191,"date":"2017-01-27T15:35:23","date_gmt":"2017-01-27T21:35:23","guid":{"rendered":"https:\/\/www.futboltotal.com.mx\/?p=456191"},"modified":"2017-01-27T15:35:23","modified_gmt":"2017-01-27T21:35:23","slug":"sin-marco-fabian-eintracht-alcanza-tercer-puesto-la-bundesliga","status":"publish","type":"post","link":"http:\/\/desarrollo.grupomedios.com\/futbol\/futbol-internacional\/sin-marco-fabian-eintracht-alcanza-tercer-puesto-la-bundesliga\/2017\/01","title":{"rendered":"Sin Marco Fabi\u00e1n, Eintracht alcanza el tercer puesto de la Bundesliga"},"content":{"rendered":"<p>El Eintracht Frankfurt gan\u00f3 a domicilio al Schalke (0-1) y asalt\u00f3, provisionalmente, el tercer puesto de la Liga de Alemania que domina el Bayern M\u00fanich y que este fin de semana alcanza la decimoctava jornada.<\/p>\n<p>https:\/\/twitter.com\/eintracht_esp\/status\/825091694047657985<\/p>\n<p>La primera sesi\u00f3n de la segunda vuelta proporcion\u00f3 los tres puntos al conjunto de Frankfurt, que venci\u00f3 en el Veltins Arena de Gelsenkirchen en el \u00fanico encuentro adelantado al viernes.<\/p>\n<p>Al Eintracht le sirvi\u00f3 con el tanto logrado a la media hora por Alexander Meier a pase del japon\u00e9s Makoto Hasebe. Despu\u00e9s, mantuvo el tipo ante el intento de reacci\u00f3n de su rival, instalado en el ecuador de la clasificaci\u00f3n.<\/p>\n<p style=\"text-align: center;\"><span style=\"color: #3366ff;\"><a style=\"color: #3366ff;\" href=\"https:\/\/www.futboltotal.com.mx\/2017\/01\/adrian-goransch-tercer-mexicano-juega-en-alemania\/\">LEER M\u00c1S: Adri\u00e1n Goransch, el tercer mexicano que juega en Alemania<\/a><\/span><\/p>\n<p>La victoria sit\u00faa al Eintracht tercero en la tabla, un punto por delante del Hoffenheim y dos por encima del Borussia Dortmund y el Hertha. No obstante, el Eintracht queda a siete del Leipzig, segundo, y a diez del Bayern.<\/p>\n","protected":false},"excerpt":{"rendered":"<p>Las \u00c1guilas ya alcanzan el tercer sitio de la Bundesliga.<\/p>\n","protected":false},"author":20,"featured_media":435772,"comment_status":"closed","ping_status":"closed","sticky":false,"template":"","format":"standard","meta":[],"categories":[3839,5951],"tags":[3588],"_links":{"self":[{"href":"http:\/\/desarrollo.grupomedios.com\/futbol\/wp-json\/wp\/v2\/posts\/456191"}],"collection":[{"href":"http:\/\/desarrollo.grupomedios.com\/futbol\/wp-json\/wp\/v2\/posts"}],"about":[{"href":"http:\/\/desarrollo.grupomedios.com\/futbol\/wp-json\/wp\/v2\/types\/post"}],"author":[{"embeddable":true,"href":"http:\/\/desarrollo.grupomedios.com\/futbol\/wp-json\/wp\/v2\/users\/20"}],"replies":[{"embeddable":true,"href":"http:\/\/desarrollo.grupomedios.com\/futbol\/wp-json\/wp\/v2\/comments?post=456191"}],"version-history":[{"count":0,"href":"http:\/\/desarrollo.grupomedios.com\/futbol\/wp-json\/wp\/v2\/posts\/456191\/revisions"}],"wp:featuredmedia":[{"embeddable":true,"href":"http:\/\/desarrollo.grupomedios.com\/futbol\/wp-json\/wp\/v2\/media\/435772"}],"wp:attachment":[{"href":"http:\/\/desarrollo.grupomedios.com\/futbol\/wp-json\/wp\/v2\/media?parent=456191"}],"wp:term":[{"taxonomy":"category","embeddable":true,"href":"http:\/\/desarrollo.grupomedios.com\/futbol\/wp-json\/wp\/v2\/categories?post=456191"},{"taxonomy":"post_tag","embeddable":true,"href":"http:\/\/desarrollo.grupomedios.com\/futbol\/wp-json\/wp\/v2\/tags?post=456191"}],"curies":[{"name":"wp","href":"https:\/\/api.w.org\/{rel}","templated":true}]}}