{"id":456204,"date":"2017-01-27T16:54:50","date_gmt":"2017-01-27T22:54:50","guid":{"rendered":"https:\/\/www.futboltotal.com.mx\/?p=456204"},"modified":"2017-01-27T16:54:50","modified_gmt":"2017-01-27T22:54:50","slug":"jurgen-damm-manda-contundente-indirecta-a-alan-pulido","status":"publish","type":"post","link":"http:\/\/desarrollo.grupomedios.com\/futbol\/futbol-mexicano\/jurgen-damm-manda-contundente-indirecta-a-alan-pulido\/2017\/01","title":{"rendered":"Jurgen Damm manda contundente indirecta a Alan Pulido"},"content":{"rendered":"<p>El volante de Tigres, <strong>Jurgen Damm<\/strong>, se\u00f1al\u00f3 en conferencia de prensa, que le gustar\u00eda emigrar a Europa, e incluso confirm\u00f3 que hay inter\u00e9s de algunos equipos extranjeros, para hacerse de sus servicios, aunque es impaciente para conseguir el sue\u00f1o.<\/p>\n<p>\u201cTigres que hizo una gran inversi\u00f3n en traerme. No es l\u00f3gico que si me compraron en cierta cantidad y ofrecen mucho menos, yo entiendo a la directiva, soy consciente de eso, soy respetuoso de que hay momentos y tiempos, ellos tendr\u00e1n la \u00faltima palabra porque son due\u00f1os de mi carta y estoy muy feliz aqu\u00ed, estoy en el mejor equipo de M\u00e9xico\u201d, indic\u00f3 <strong>Jurgen Damm<\/strong>.<\/p>\n<p>El volante felino adem\u00e1s, mand\u00f3 una contundente indirecta a <strong>Alan Pulido<\/strong>, pues se\u00f1al\u00f3 que \u00e9l quiere salir de los Tigres sin hacer esc\u00e1ndalo y demostrando respeto al conjunto que dirige Ricardo Ferretti.<\/p>\n<p style=\"text-align: center;\"><span style=\"color: #3366ff;\"><a style=\"color: #3366ff;\" href=\"https:\/\/www.futboltotal.com.mx\/2017\/01\/oficial-eduardo-vargas-nuevo-jugador-tigres\/\" target=\"_blank\"><strong>LEER M\u00c1S: OFICIAL: Eduardo Vargas llega a Tigres<\/strong><\/a><\/span><\/p>\n<p>\u201cNo tengo necesidad, ni apresurarme en irme, no me quiero irme mal como otros jugadores, quiero salir por la puerta de enfrente con el apoyo de todos mis compa\u00f1eros, afici\u00f3n y cuerpo t\u00e9cnico\u201d, sentenci\u00f3.<\/p>\n<blockquote class=\"twitter-tweet\" data-lang=\"es\">\n<p dir=\"ltr\" lang=\"und\">Conferencia de prensa en <a href=\"https:\/\/twitter.com\/TigresOficial\">@TigresOficial<\/a> con J\u00fcrgen Damm <a href=\"https:\/\/t.co\/IHBvg7EGtf\">https:\/\/t.co\/IHBvg7EGtf<\/a><\/p>\n<p>\u2014 CLUB TIGRES OFICIAL (@TigresOficial) <a href=\"https:\/\/twitter.com\/TigresOficial\/status\/825053685033996288\">27 de enero de 2017<\/a><\/p><\/blockquote>\n<p><script async src=\"\/\/platform.twitter.com\/widgets.js\" charset=\"utf-8\"><\/script><\/p>\n<p><strong>S\u00edguenos en Twitter:<\/strong> <a href=\"https:\/\/twitter.com\/MXFutbolTotal\" target=\"_blank\">@MXFutbolTotal<\/a><\/p>\n","protected":false},"excerpt":{"rendered":"<p>El mediocampista de Tigres dice que no saldr\u00eda del club como lo hizo el delantero.<\/p>\n","protected":false},"author":20,"featured_media":456205,"comment_status":"closed","ping_status":"closed","sticky":false,"template":"","format":"standard","meta":[],"categories":[2198,3845],"tags":[1607,1916],"_links":{"self":[{"href":"http:\/\/desarrollo.grupomedios.com\/futbol\/wp-json\/wp\/v2\/posts\/456204"}],"collection":[{"href":"http:\/\/desarrollo.grupomedios.com\/futbol\/wp-json\/wp\/v2\/posts"}],"about":[{"href":"http:\/\/desarrollo.grupomedios.com\/futbol\/wp-json\/wp\/v2\/types\/post"}],"author":[{"embeddable":true,"href":"http:\/\/desarrollo.grupomedios.com\/futbol\/wp-json\/wp\/v2\/users\/20"}],"replies":[{"embeddable":true,"href":"http:\/\/desarrollo.grupomedios.com\/futbol\/wp-json\/wp\/v2\/comments?post=456204"}],"version-history":[{"count":0,"href":"http:\/\/desarrollo.grupomedios.com\/futbol\/wp-json\/wp\/v2\/posts\/456204\/revisions"}],"wp:featuredmedia":[{"embeddable":true,"href":"http:\/\/desarrollo.grupomedios.com\/futbol\/wp-json\/wp\/v2\/media\/456205"}],"wp:attachment":[{"href":"http:\/\/desarrollo.grupomedios.com\/futbol\/wp-json\/wp\/v2\/media?parent=456204"}],"wp:term":[{"taxonomy":"category","embeddable":true,"href":"http:\/\/desarrollo.grupomedios.com\/futbol\/wp-json\/wp\/v2\/categories?post=456204"},{"taxonomy":"post_tag","embeddable":true,"href":"http:\/\/desarrollo.grupomedios.com\/futbol\/wp-json\/wp\/v2\/tags?post=456204"}],"curies":[{"name":"wp","href":"https:\/\/api.w.org\/{rel}","templated":true}]}}