{"id":456327,"date":"2017-01-28T09:21:32","date_gmt":"2017-01-28T15:21:32","guid":{"rendered":"https:\/\/www.futboltotal.com.mx\/?p=456327"},"modified":"2017-01-28T09:21:32","modified_gmt":"2017-01-28T15:21:32","slug":"villarreal-jona-hunden-al-granada-ochoa","status":"publish","type":"post","link":"http:\/\/desarrollo.grupomedios.com\/futbol\/destacado-home\/villarreal-jona-hunden-al-granada-ochoa\/2017\/01","title":{"rendered":"Villarreal y Jona hunden al Granada de Ochoa"},"content":{"rendered":"<p>El Villarreal se impuso al Granada por 2-0 en un partido en el que, sin brillar, fue superior a su rival y consigui\u00f3 resolver la crisis de resultados que le afectaba desde el inicio de 2017, al tiempo que agrav\u00f3 la del equipo andaluz.<\/p>\n<p>En este partido, participaron los mexicanos Jonathan Dos Santos y Guillermo Ochoa, con Villarreal y Granada, respectivamente.<\/p>\n<p>https:\/\/twitter.com\/VillarrealCF\/status\/825355212030406659<\/p>\n<p>Aunque el Villarreal no estuvo a la altura de los \u00faltimos meses del a\u00f1o pasado, hoy hizo lo suficiente como para dejar sin opciones al Granada, que no dio muestras de haber encontrado el camino para recuperarse y salir de la cola de la clasificaci\u00f3n.<\/p>\n<p>A los ocho minutos le fue anulado un gol al Villarreal por un fuera de juego muy ajustado en un cabezazo de Sansone, quien poco despu\u00e9s tuvo una nueva opci\u00f3n de gol desbaratado por Foulquier, que envi\u00f3 el bal\u00f3n a c\u00f3rner.<\/p>\n<p>Aunque el Granada se sacudi\u00f3 la presi\u00f3n local, Sansone pudo hacer el 1-0 en una falta directa que lanz\u00f3 al larguero a los veinte minutos de juego.<\/p>\n<p style=\"text-align: center;\"><span style=\"color: #3366ff;\"><a style=\"color: #3366ff;\" href=\"https:\/\/www.futboltotal.com.mx\/2017\/01\/resultado-liga-mx-xolos-1-0-cruz-azul\/\">LEER M\u00c1S: \u00a1Xolos vence a otro grande de la Liga MX!<\/a><\/span><\/p>\n<p>El equipo andaluz apenas aparec\u00eda en ataque, pero sus hombres de contenci\u00f3n consegu\u00edan que el Villarreal no se sintiera c\u00f3modo y que a pesar de ser los due\u00f1os del bal\u00f3n, no consiguieran acercarse con peligro a la porter\u00eda de Ochoa.<\/p>\n<p>As\u00ed avanzaba el encuentro hacia el descanso, cuando en una acci\u00f3n a bal\u00f3n parado en la que no hubo fuera de juego por muy poco, Bruno Soriano hizo a puerta vac\u00eda el gol que daba ventaja al descanso al equipo que hab\u00eda llevado el peso del encuentro en la primera mitad.<\/p>\n<p>De nuevo en una acci\u00f3n a bal\u00f3n parado lleg\u00f3 el segundo tanto del Villarreal marcado por \u00c1lvaro al recoger desde el suelo un bal\u00f3n suelto a la salida de un c\u00f3rner, tanto que puso el partido muy de cara al equipo de Fran Escrib\u00e1.<\/p>\n<p>El t\u00e9cnico del Granada, Lucas Alcaraz, sac\u00f3 a un central y dio entrada en el partido a un ataque para tratar de tener opciones en menos de un cuarto de hora de meterse en el partido.<\/p>\n<p><iframe loading=\"lazy\" src=\"https:\/\/www.youtube.com\/embed\/xUe_50vQUOM?feature=oembed\" frameborder=\"0\" allowfullscreen><\/iframe><\/p>\n<p>Poco despu\u00e9s, Kravets mand\u00f3 un bal\u00f3n al palo en la mejor opci\u00f3n del Granada en todo el partido, pero el Villarreal se mostraba s\u00f3lido, no daba opciones a su oponente e incluso pudo hacer el tercer gol en un bal\u00f3n de Adri\u00e1n al larguero en su regreso al equipo castellonense.<\/p>\n","protected":false},"excerpt":{"rendered":"<p>El equipo del portero mexicano seguir\u00e1 en los \u00faltimos lugares.<\/p>\n","protected":false},"author":144,"featured_media":456328,"comment_status":"closed","ping_status":"closed","sticky":false,"template":"","format":"standard","meta":[],"categories":[5,3839,3844],"tags":[6214,700,2607],"_links":{"self":[{"href":"http:\/\/desarrollo.grupomedios.com\/futbol\/wp-json\/wp\/v2\/posts\/456327"}],"collection":[{"href":"http:\/\/desarrollo.grupomedios.com\/futbol\/wp-json\/wp\/v2\/posts"}],"about":[{"href":"http:\/\/desarrollo.grupomedios.com\/futbol\/wp-json\/wp\/v2\/types\/post"}],"author":[{"embeddable":true,"href":"http:\/\/desarrollo.grupomedios.com\/futbol\/wp-json\/wp\/v2\/users\/144"}],"replies":[{"embeddable":true,"href":"http:\/\/desarrollo.grupomedios.com\/futbol\/wp-json\/wp\/v2\/comments?post=456327"}],"version-history":[{"count":0,"href":"http:\/\/desarrollo.grupomedios.com\/futbol\/wp-json\/wp\/v2\/posts\/456327\/revisions"}],"wp:featuredmedia":[{"embeddable":true,"href":"http:\/\/desarrollo.grupomedios.com\/futbol\/wp-json\/wp\/v2\/media\/456328"}],"wp:attachment":[{"href":"http:\/\/desarrollo.grupomedios.com\/futbol\/wp-json\/wp\/v2\/media?parent=456327"}],"wp:term":[{"taxonomy":"category","embeddable":true,"href":"http:\/\/desarrollo.grupomedios.com\/futbol\/wp-json\/wp\/v2\/categories?post=456327"},{"taxonomy":"post_tag","embeddable":true,"href":"http:\/\/desarrollo.grupomedios.com\/futbol\/wp-json\/wp\/v2\/tags?post=456327"}],"curies":[{"name":"wp","href":"https:\/\/api.w.org\/{rel}","templated":true}]}}