{"id":456349,"date":"2017-01-28T14:10:32","date_gmt":"2017-01-28T20:10:32","guid":{"rendered":"https:\/\/www.futboltotal.com.mx\/?p=456349"},"modified":"2017-01-28T15:54:22","modified_gmt":"2017-01-28T21:54:22","slug":"chicharito-anota-remontan-al-leverkusen","status":"publish","type":"post","link":"http:\/\/desarrollo.grupomedios.com\/futbol\/futbol-internacional\/chicharito-anota-remontan-al-leverkusen\/2017\/01","title":{"rendered":"Chicharito anota pero remontan al Leverkusen"},"content":{"rendered":"<p>El Bayer Leverkusen, con Chicharito Hern\u00e1ndez en la cancha, se desmoron\u00f3 en la segunda parte del choque disputado en el BayArena y desperdici\u00f3 una ventaja de dos goles que aprovech\u00f3 el Borussia Monchengladbach (2-3) para lograr los tres puntos en el choque de la decimoctava jornada.<\/p>\n<blockquote class=\"twitter-tweet\" data-width=\"500\">\n<p lang=\"en\" dir=\"ltr\">90+3&#39; Final:<a href=\"https:\/\/twitter.com\/hashtag\/Bayer04?src=hash\">#Bayer04<\/a> 2-3 <a href=\"https:\/\/twitter.com\/borussia_es\">@borussia_es<\/a> <a href=\"https:\/\/twitter.com\/hashtag\/B04BMG?src=hash\">#B04BMG<\/a> <a href=\"https:\/\/t.co\/MSvUEosttZ\">pic.twitter.com\/MSvUEosttZ<\/a><\/p>\n<p>&mdash; Bayer 04 Leverkusen (@bayer04_es) <a href=\"https:\/\/twitter.com\/bayer04_es\/status\/825423558243397632\">January 28, 2017<\/a><\/p><\/blockquote>\n<p><script async src=\"\/\/platform.twitter.com\/widgets.js\" charset=\"utf-8\"><\/script><\/p>\n<p>El equipo de Roger Schmidt, rival del Atl\u00e9tico de Madrid en la Liga de Campeones, dio un giro a su imagen en cuarenta y cinco minutos.<\/p>\n<p>En tres minutos pasada la media hora el Bayer Leverkusen encarril\u00f3 el partido. En el minuto 31 abri\u00f3 el marcador por medio de Jonathan Tah, que rentabiliz\u00f3 un c\u00f3rner lanzado por el turco Hakan Calhanoglu. Tres despu\u00e9s, el mexicano Chicharito Hern\u00e1ndez, en el \u00e1rea peque\u00f1a, envi\u00f3 la pelota a la red tambi\u00e9n tras un saque de esquina.<\/p>\n<p style=\"text-align: center;\"><span style=\"color: #3366ff;\"><a style=\"color: #3366ff;\" href=\"https:\/\/www.futboltotal.com.mx\/2017\/01\/chicharito-regresa-al-gol-leverkusen-en-partido-oficial\/\">LEER M\u00c1S: \u00a1Chicharito regresa al gol con el Leverkusen en partido oficial!<\/a><\/span><\/p>\n<p>Todo cambi\u00f3 despu\u00e9s. Antes de la hora de juego los visitantes ya hab\u00eda equilibrado el marcador. Fue con un doblete de Lars Stindl. Anot\u00f3 primero en el 52, con un disparo desde fuera del \u00e1rea. Seis m\u00e1s tarde para culminar, de cabeza, un servicio de Oscar Wendt.<\/p>\n<blockquote class=\"twitter-tweet\" data-width=\"500\">\n<p lang=\"es\" dir=\"ltr\">Gol de Chicharito. <a href=\"https:\/\/t.co\/rHbGk8WyEP\">pic.twitter.com\/rHbGk8WyEP<\/a><\/p>\n<p>&mdash; Tribuna Total (@Tribuna_total) <a href=\"https:\/\/twitter.com\/Tribuna_total\/status\/825406034097364992\">January 28, 2017<\/a><\/p><\/blockquote>\n<p><script async src=\"\/\/platform.twitter.com\/widgets.js\" charset=\"utf-8\"><\/script><\/p>\n<p>En plena euforia, el Borussia, que llevaba tres encuentros sin ganar y que empezaba a aproximarse a la parte baja, dio la vuelta del todo al marcador con el gol del brasile\u00f1o Raffael, a pase de Christoph Kramer. EFE<\/p>\n","protected":false},"excerpt":{"rendered":"<p>Las aspirinas ten\u00edan ventaja de dos goles al descanso.<\/p>\n","protected":false},"author":144,"featured_media":438308,"comment_status":"closed","ping_status":"closed","sticky":false,"template":"","format":"standard","meta":[],"categories":[3839,5951],"tags":[4335,120],"_links":{"self":[{"href":"http:\/\/desarrollo.grupomedios.com\/futbol\/wp-json\/wp\/v2\/posts\/456349"}],"collection":[{"href":"http:\/\/desarrollo.grupomedios.com\/futbol\/wp-json\/wp\/v2\/posts"}],"about":[{"href":"http:\/\/desarrollo.grupomedios.com\/futbol\/wp-json\/wp\/v2\/types\/post"}],"author":[{"embeddable":true,"href":"http:\/\/desarrollo.grupomedios.com\/futbol\/wp-json\/wp\/v2\/users\/144"}],"replies":[{"embeddable":true,"href":"http:\/\/desarrollo.grupomedios.com\/futbol\/wp-json\/wp\/v2\/comments?post=456349"}],"version-history":[{"count":0,"href":"http:\/\/desarrollo.grupomedios.com\/futbol\/wp-json\/wp\/v2\/posts\/456349\/revisions"}],"wp:featuredmedia":[{"embeddable":true,"href":"http:\/\/desarrollo.grupomedios.com\/futbol\/wp-json\/wp\/v2\/media\/438308"}],"wp:attachment":[{"href":"http:\/\/desarrollo.grupomedios.com\/futbol\/wp-json\/wp\/v2\/media?parent=456349"}],"wp:term":[{"taxonomy":"category","embeddable":true,"href":"http:\/\/desarrollo.grupomedios.com\/futbol\/wp-json\/wp\/v2\/categories?post=456349"},{"taxonomy":"post_tag","embeddable":true,"href":"http:\/\/desarrollo.grupomedios.com\/futbol\/wp-json\/wp\/v2\/tags?post=456349"}],"curies":[{"name":"wp","href":"https:\/\/api.w.org\/{rel}","templated":true}]}}