{"id":456668,"date":"2017-01-29T15:01:17","date_gmt":"2017-01-29T21:01:17","guid":{"rendered":"https:\/\/www.futboltotal.com.mx\/?p=456668"},"modified":"2017-01-29T15:01:17","modified_gmt":"2017-01-29T21:01:17","slug":"cristiano-ronaldo-ataca-aficion-del-bernabeu","status":"publish","type":"post","link":"http:\/\/desarrollo.grupomedios.com\/futbol\/futbol-internacional\/cristiano-ronaldo-ataca-aficion-del-bernabeu\/2017\/01","title":{"rendered":"Cristiano a la afici\u00f3n del Bernab\u00e9u: &#8220;Hijos de p$#%&#8221;"},"content":{"rendered":"<p>El inicio del encuentro ante la Real Sociedad, el Real Madrid no sali\u00f3 de la mejor forma y su afici\u00f3n lo resinti\u00f3, pues no se encuentran contentos con los \u00faltimos resultados ofrecidos por el cuadro Merengue, adem\u00e1s de la eliminaci\u00f3n de la Copa del Rey en Cuartos de Final.<\/p>\n<p>La mala racha de Cristiano Ronaldo y de Benzema fue un blanco de cr\u00edticas, hasta esta noche que el portugu\u00e9s volvi\u00f3 a marcar, pero previo a este gol una de sus fallas fue silbada por parte de la grada algo que no agrad\u00f3 para nada al luso.<\/p>\n<p>En el momento del error de Ronaldo al minuto 23, las c\u00e1maras de televisi\u00f3n se fueron con la estrella del Madrid y lograron captar el momento en el que voltea a la grada del Bernab\u00e9u y dice &#8220;hijos de puta&#8221;, tras ser silbado y abucheado por la afici\u00f3n.<\/p>\n<p><a href=\"https:\/\/www.futboltotal.com.mx\/wp-content\/uploads\/2017\/01\/1485721522826.jpg\"><img decoding=\"async\" loading=\"lazy\" class=\"alignnone size-full wp-image-456672\" src=\"https:\/\/www.futboltotal.com.mx\/wp-content\/uploads\/2017\/01\/1485721522826.jpg\" alt=\"Cristiano a la afici\u00f3n del Bernab\u00e9u: &#8220;Hijos de p$#%&#8221; 0\" srcset=\"http:\/\/desarrollo.grupomedios.com\/futbol\/wp-content\/uploads\/2017\/01\/1485721522826.jpg 1200w, http:\/\/desarrollo.grupomedios.com\/futbol\/wp-content\/uploads\/2017\/01\/1485721522826-300x169.jpg 300w, http:\/\/desarrollo.grupomedios.com\/futbol\/wp-content\/uploads\/2017\/01\/1485721522826-768x432.jpg 768w, http:\/\/desarrollo.grupomedios.com\/futbol\/wp-content\/uploads\/2017\/01\/1485721522826-1024x576.jpg 1024w, http:\/\/desarrollo.grupomedios.com\/futbol\/wp-content\/uploads\/2017\/01\/1485721522826-1136x639.jpg 1136w, http:\/\/desarrollo.grupomedios.com\/futbol\/wp-content\/uploads\/2017\/01\/1485721522826-317x178.jpg 317w, http:\/\/desarrollo.grupomedios.com\/futbol\/wp-content\/uploads\/2017\/01\/1485721522826-535x301.jpg 535w, http:\/\/desarrollo.grupomedios.com\/futbol\/wp-content\/uploads\/2017\/01\/1485721522826-374x210.jpg 374w\" sizes=\"(max-width: 1200px) 100vw, 1200px\" \/><\/a><\/p>\n","protected":false},"excerpt":{"rendered":"<p>El portugu\u00e9s fue abucheado por la afici\u00f3n Merengue.<\/p>\n","protected":false},"author":20,"featured_media":456673,"comment_status":"closed","ping_status":"closed","sticky":false,"template":"","format":"standard","meta":[],"categories":[3839,3844],"tags":[6013,5988],"_links":{"self":[{"href":"http:\/\/desarrollo.grupomedios.com\/futbol\/wp-json\/wp\/v2\/posts\/456668"}],"collection":[{"href":"http:\/\/desarrollo.grupomedios.com\/futbol\/wp-json\/wp\/v2\/posts"}],"about":[{"href":"http:\/\/desarrollo.grupomedios.com\/futbol\/wp-json\/wp\/v2\/types\/post"}],"author":[{"embeddable":true,"href":"http:\/\/desarrollo.grupomedios.com\/futbol\/wp-json\/wp\/v2\/users\/20"}],"replies":[{"embeddable":true,"href":"http:\/\/desarrollo.grupomedios.com\/futbol\/wp-json\/wp\/v2\/comments?post=456668"}],"version-history":[{"count":0,"href":"http:\/\/desarrollo.grupomedios.com\/futbol\/wp-json\/wp\/v2\/posts\/456668\/revisions"}],"wp:featuredmedia":[{"embeddable":true,"href":"http:\/\/desarrollo.grupomedios.com\/futbol\/wp-json\/wp\/v2\/media\/456673"}],"wp:attachment":[{"href":"http:\/\/desarrollo.grupomedios.com\/futbol\/wp-json\/wp\/v2\/media?parent=456668"}],"wp:term":[{"taxonomy":"category","embeddable":true,"href":"http:\/\/desarrollo.grupomedios.com\/futbol\/wp-json\/wp\/v2\/categories?post=456668"},{"taxonomy":"post_tag","embeddable":true,"href":"http:\/\/desarrollo.grupomedios.com\/futbol\/wp-json\/wp\/v2\/tags?post=456668"}],"curies":[{"name":"wp","href":"https:\/\/api.w.org\/{rel}","templated":true}]}}