{"id":456871,"date":"2017-01-30T07:00:42","date_gmt":"2017-01-30T13:00:42","guid":{"rendered":"https:\/\/www.futboltotal.com.mx\/?p=456871"},"modified":"2017-01-30T14:28:23","modified_gmt":"2017-01-30T20:28:23","slug":"rafa-marquez-se-arrepiente-haber-ido-a-la-mls","status":"publish","type":"post","link":"http:\/\/desarrollo.grupomedios.com\/futbol\/destacado-home\/rafa-marquez-se-arrepiente-haber-ido-a-la-mls\/2017\/01","title":{"rendered":"Rafa M\u00e1rquez se arrepiente de haber ido a la MLS"},"content":{"rendered":"<p>En 2010, <strong>Rafael M\u00e1rquez<\/strong> puso fin a un ciclo dorado con el FC Barcelona en el que logr\u00f3 consolidarse como uno de los mejores centrales en la historia de M\u00e9xico y gan\u00f3 pr\u00e1cticamente todo. Ten\u00eda 31 a\u00f1os y opt\u00f3 por ir a la MLS con el New York Red Bulls. Hoy, cuando tiene 37 a\u00f1os y su retirada est\u00e1 cerca, confes\u00f3 que aquella decisi\u00f3n de dejar el futbol europeo no fue la mejor.<\/p>\n<blockquote><p>&#8220;Despu\u00e9s de haberlo pensado con calma me di cuenta de que me hab\u00eda anticipado. En aquel momento cre\u00ed que era buena idea irme a Estados Unidos y bajar un poco las revoluciones, pero al llegar all\u00ed vi que quer\u00eda y pod\u00eda jugar de forma m\u00e1s competitiva. La verdad es que me arrepent\u00ed&#8221;, valor\u00f3 el michoacano, que pas\u00f3 tres a\u00f1os en la liga norteamericana y, despu\u00e9s de volver a M\u00e9xico y ser campe\u00f3n con Le\u00f3n, fue a jugar aItalia con el Hellas Verona.<\/p><\/blockquote>\n<p style=\"text-align: center;\"><span style=\"color: #3366ff;\">LEER M\u00c1S: Todas las noticias de futbol mexicano<\/span><\/p>\n<blockquote><p>&#8220;Entonces ten\u00eda ya 35 a\u00f1os y muchos me me ve\u00edan en la recta final de mi carrera&#8230; pero al final acab\u00e9 yendo al Mundial de Brasil&#8221; , agreg\u00f3 el capit\u00e1n de la selecci\u00f3n de M\u00e9xico\u00a0en entrevista para <em>Marca.<\/em><\/p><\/blockquote>\n<p><strong><em>Rafa<\/em> M\u00e1rquez<\/strong> afirm\u00f3 que ahora est\u00e1 disfrutando de una de linda etapa con el Atlas, el club en el que debut\u00f3 y \u00a0con el que le resta un a\u00f1o de contrato. Sin la certeza de saber si llegar\u00e1 al Mundial de Rusia 2018, lo \u00fanico que tiene claro es que los\u00a0<em>Rojinegros <\/em>ser\u00e1n su \u00faltimo equipo\u00a0antes de poner fin a su etapa como profesional.<\/p>\n<blockquote><p>\u00a0&#8220;He tenido el privilegio poder regresar al mismo sitio en el que empec\u00e9 mi carrera como profesional. Al final esto es un c\u00edrculo, como el ciclo de la vida, y estoy encantado de haber vuelto a casa&#8221;, se\u00f1al\u00f3 el Kaiser, quien record\u00f3 que en su paso por el Barcelona, &#8220;vivi\u00f3 los mejores recuerdos durante siete a\u00f1os incre\u00edbles&#8221;.<\/p><\/blockquote>\n","protected":false},"excerpt":{"rendered":"<p>El defensa central admiti\u00f3 que ir a la MLS, con 31 a\u00f1os, no fue la mejor decisi\u00f3n. <\/p>\n","protected":false},"author":20,"featured_media":456876,"comment_status":"closed","ping_status":"closed","sticky":false,"template":"","format":"standard","meta":[],"categories":[5,3839],"tags":[195,4358],"_links":{"self":[{"href":"http:\/\/desarrollo.grupomedios.com\/futbol\/wp-json\/wp\/v2\/posts\/456871"}],"collection":[{"href":"http:\/\/desarrollo.grupomedios.com\/futbol\/wp-json\/wp\/v2\/posts"}],"about":[{"href":"http:\/\/desarrollo.grupomedios.com\/futbol\/wp-json\/wp\/v2\/types\/post"}],"author":[{"embeddable":true,"href":"http:\/\/desarrollo.grupomedios.com\/futbol\/wp-json\/wp\/v2\/users\/20"}],"replies":[{"embeddable":true,"href":"http:\/\/desarrollo.grupomedios.com\/futbol\/wp-json\/wp\/v2\/comments?post=456871"}],"version-history":[{"count":0,"href":"http:\/\/desarrollo.grupomedios.com\/futbol\/wp-json\/wp\/v2\/posts\/456871\/revisions"}],"wp:featuredmedia":[{"embeddable":true,"href":"http:\/\/desarrollo.grupomedios.com\/futbol\/wp-json\/wp\/v2\/media\/456876"}],"wp:attachment":[{"href":"http:\/\/desarrollo.grupomedios.com\/futbol\/wp-json\/wp\/v2\/media?parent=456871"}],"wp:term":[{"taxonomy":"category","embeddable":true,"href":"http:\/\/desarrollo.grupomedios.com\/futbol\/wp-json\/wp\/v2\/categories?post=456871"},{"taxonomy":"post_tag","embeddable":true,"href":"http:\/\/desarrollo.grupomedios.com\/futbol\/wp-json\/wp\/v2\/tags?post=456871"}],"curies":[{"name":"wp","href":"https:\/\/api.w.org\/{rel}","templated":true}]}}