{"id":456872,"date":"2017-01-30T11:12:00","date_gmt":"2017-01-30T17:12:00","guid":{"rendered":"https:\/\/www.futboltotal.com.mx\/?p=456872"},"modified":"2017-01-30T11:12:00","modified_gmt":"2017-01-30T17:12:00","slug":"con-la-llegada-de-julian-draxler-el-psg-se-declara-completo","status":"publish","type":"post","link":"http:\/\/desarrollo.grupomedios.com\/futbol\/futbol-internacional\/con-la-llegada-de-julian-draxler-el-psg-se-declara-completo\/2017\/01","title":{"rendered":"Con la llegada de Draxler, el PSG se declara completo"},"content":{"rendered":"<p>El Par\u00eds Saint-Germain (PSG), rival del Barcelona en la Liga de Campeones, present\u00f3 este lunes a <strong>Julian Draxler<\/strong>, Gon\u00e7alo Guedes y Giovanni Lo Celso y dio por cerrado el mercado de invierno, a falta de confirmarse la salida del espa\u00f1ol Jes\u00e9.<\/p>\n<p>&#8220;El cap\u00edtulo de llegadas est\u00e1 cerrado. Jes\u00e9 (cerca de irse a Las Palmas) est\u00e1 todav\u00eda aqu\u00ed, pero en 24 horas todo puede cambiar&#8221;, dijo el director deportivo del PSG, el holand\u00e9s Patrick Kluivert, en conferencia de prensa.<\/p>\n<p>https:\/\/twitter.com\/PSG_inside\/status\/826054824428978176<\/p>\n<p style=\"text-align: center;\"><a href=\"https:\/\/www.futboltotal.com.mx\/2017\/01\/wenger-descarta-fichaje-benzema\/\"><span style=\"color: #3366ff;\">LEER M\u00c1S: Wenger descarta el fichaje de Benzema<\/span><\/a><\/p>\n<p>El alem\u00e1n <strong>Julian Draxler<\/strong>, de 23 a\u00f1os y fichado en enero procedente del Wolfsburgo por 38 millones de euros; el portugu\u00e9s Guedes, de 20 a\u00f1os y llegado del Benfica por 30 millones; y el argentino Lo Celso, de 20 a\u00f1os y por el que el PSG pag\u00f3 10 millones al Rosario, fueron este lunes presentados como flamantes fichajes de inverno.<\/p>\n<p>&#8220;Estoy aqu\u00ed para ganar los grandes t\u00edtulos y el equipo se pondr\u00e1 en marcha para mantener ese deseo&#8221;, se\u00f1al\u00f3 <strong>Draxler<\/strong> en conferencia de prensa, quien de su fichaje por el equipo parisino opin\u00f3: &#8220;Estoy convencido de haber tomado la decisi\u00f3n correcta&#8221;.<\/p>\n<p>De entre los tres, solo Guedes no podr\u00e1 disputar la Liga de Campeones ante el <em>Bar\u00e7a<\/em> por haber jugado ese torneo con el Benfica esta temporada.<\/p>\n<p>&#8220;Es una pena, pero puede jugar las otras competiciones. Quer\u00edamos m\u00e1s de un buen jugador por puesto. Le hemos contratado porque aporta calidad&#8221;, opin\u00f3 Kluivert, quien pidi\u00f3 dar tiempo a Lo Celso para adaptarse al futbol europeo.<\/p>\n<p style=\"text-align: center;\"><a href=\"https:\/\/www.futboltotal.com.mx\/2017\/01\/bradley-critica-a-donald-trump\/\"><span style=\"color: #3366ff;\">LEER M\u00c1S: Bradley critica a Donald Trump<\/span><\/a><\/p>\n<p>El enganche argentino cont\u00f3 que habl\u00f3 con sus compatriotas y actuales colegas del PSG, \u00c1ngel di Mar\u00eda y Javier Pastore, sobre el club, as\u00ed como con el tambi\u00e9n argentino Ezequiel Lavezzi, ex del PSG.<\/p>\n<p>&#8220;Me animaron. Me dijeron que la oportunidad era la m\u00e1s acertada, en un club muy grande, con una afici\u00f3n pasional&#8221;, se\u00f1al\u00f3 Lo Celso, quien asegur\u00f3 que sus caracter\u00edsticas se adaptan al esquema t\u00e1ctico del entrenador espa\u00f1ol Unai Emery.<\/p>\n<p><b>S\u00edguenos en <span id=\"m_-8777144201655355817goog_2054972132\"><\/span>Twitter <a href=\"https:\/\/twitter.com\/MXFutbolTotal\" target=\"_blank\" data-saferedirecturl=\"https:\/\/www.google.com\/url?hl=es&amp;q=https:\/\/twitter.com\/MXFutbolTotal&amp;source=gmail&amp;ust=1485882701399000&amp;usg=AFQjCNEoiAruM3Pt4A3CBi4d4Xpmb9Z3ng\">@MXFutbolTotal<\/a><\/b><\/p>\n","protected":false},"excerpt":{"rendered":"<p>El alem\u00e1n ya jug\u00f3 cuatro partidos con el club parisino y ha hecho dos goles.<\/p>\n","protected":false},"author":144,"featured_media":456874,"comment_status":"closed","ping_status":"closed","sticky":false,"template":"","format":"standard","meta":[],"categories":[3841,3839],"tags":[3513,408,2845],"_links":{"self":[{"href":"http:\/\/desarrollo.grupomedios.com\/futbol\/wp-json\/wp\/v2\/posts\/456872"}],"collection":[{"href":"http:\/\/desarrollo.grupomedios.com\/futbol\/wp-json\/wp\/v2\/posts"}],"about":[{"href":"http:\/\/desarrollo.grupomedios.com\/futbol\/wp-json\/wp\/v2\/types\/post"}],"author":[{"embeddable":true,"href":"http:\/\/desarrollo.grupomedios.com\/futbol\/wp-json\/wp\/v2\/users\/144"}],"replies":[{"embeddable":true,"href":"http:\/\/desarrollo.grupomedios.com\/futbol\/wp-json\/wp\/v2\/comments?post=456872"}],"version-history":[{"count":0,"href":"http:\/\/desarrollo.grupomedios.com\/futbol\/wp-json\/wp\/v2\/posts\/456872\/revisions"}],"wp:featuredmedia":[{"embeddable":true,"href":"http:\/\/desarrollo.grupomedios.com\/futbol\/wp-json\/wp\/v2\/media\/456874"}],"wp:attachment":[{"href":"http:\/\/desarrollo.grupomedios.com\/futbol\/wp-json\/wp\/v2\/media?parent=456872"}],"wp:term":[{"taxonomy":"category","embeddable":true,"href":"http:\/\/desarrollo.grupomedios.com\/futbol\/wp-json\/wp\/v2\/categories?post=456872"},{"taxonomy":"post_tag","embeddable":true,"href":"http:\/\/desarrollo.grupomedios.com\/futbol\/wp-json\/wp\/v2\/tags?post=456872"}],"curies":[{"name":"wp","href":"https:\/\/api.w.org\/{rel}","templated":true}]}}