{"id":456881,"date":"2017-01-30T11:00:30","date_gmt":"2017-01-30T17:00:30","guid":{"rendered":"https:\/\/www.futboltotal.com.mx\/?p=456881"},"modified":"2017-01-30T11:58:55","modified_gmt":"2017-01-30T17:58:55","slug":"peralta-da-las-gracias-a-donald-trump","status":"publish","type":"post","link":"http:\/\/desarrollo.grupomedios.com\/futbol\/destacado-home\/peralta-da-las-gracias-a-donald-trump\/2017\/01","title":{"rendered":"Peralta da las &#8216;gracias&#8217; a Donald Trump"},"content":{"rendered":"<p>La incertidumbre y tensa situaci\u00f3n pol\u00edtica que hay en M\u00e9xico y varios pa\u00edses del mundo tras la llegada de <strong>Donald Trump<\/strong> a la presidencia de Estados Unidos ha ocasionado que varios futbolistas como Rafael M\u00e1rquez, Javier Hern\u00e1ndez e incluso el estadounidense Michael Bradley, manifiesten su preocupaci\u00f3n a trav\u00e9s de redes sociales.<\/p>\n<p>El \u00faltimo que lo ha hecho es el delantero del Am\u00e9rica, <strong>Oribe Peralta<\/strong>, quien este lunes public\u00f3 en su cuenta de <em>twitter<\/em> un mensaje para alentar a los mexicanos a sumar esfuerzos ante la actual situaci\u00f3n del pa\u00eds, retomando una imagen del sitio <em>theappening.com,\u00a0<\/em>que contiene un texto con una serie de &#8216;agradecimientos&#8217; al mandatario porque\u00a0los cambios que pretende (que pr\u00e1cticamente no benefician a M\u00e9xico) dar\u00e1n &#8220;oportunidad de reafirmar al Mundo lo grande que es M\u00e9xico&#8221;.<\/p>\n<p style=\"text-align: center;\"><a href=\"https:\/\/www.futboltotal.com.mx\/2017\/01\/bradley-critica-a-donald-trump\/\"><span style=\"color: #3366ff;\">LEER M\u00c1S: Michael Bradley critica a Donald Trump<\/span><\/a><\/p>\n<p>&#8220;Tiempo de mostrarle al mundo cu\u00e1n grande es M\u00e9xico&#8221; #M\u00e9xicoUnido<\/p>\n<blockquote class=\"twitter-tweet\" data-lang=\"en\">\n<p dir=\"ltr\" lang=\"es\">Tiempo de mostrarle al mundo cu\u00e1n grande es M\u00e9xico &#x1f1f2;&#x1f1fd;&#x1f1f2;&#x1f1fd;<a href=\"https:\/\/twitter.com\/hashtag\/MexicoUnido?src=hash\">#MexicoUnido<\/a> <a href=\"https:\/\/t.co\/9uK4evuoXc\">pic.twitter.com\/9uK4evuoXc<\/a><\/p>\n<p>\u2014 Oribe Peralta (@OribePeralta) <a href=\"https:\/\/twitter.com\/OribePeralta\/status\/826087410224209920\">January 30, 2017<\/a><\/p><\/blockquote>\n<p><script async src=\"\/\/platform.twitter.com\/widgets.js\" charset=\"utf-8\"><\/script><br \/>\n<span style=\"color: #3366ff;\"><a style=\"color: #3366ff;\" href=\"https:\/\/twitter.com\/MXFutbolTotal\" target=\"_blank\"><strong>S\u00edguenos en Twitter: @MXFutbolTotal<\/strong><\/a><\/span><\/p>\n<div class=\"boxNota\"><\/div>\n","protected":false},"excerpt":{"rendered":"<p>El delantero del Am\u00e9rica lanz\u00f3 un mensaje de \u00e1nimo y lucha a los mexicanos. <\/p>\n","protected":false},"author":20,"featured_media":456884,"comment_status":"closed","ping_status":"closed","sticky":false,"template":"","format":"standard","meta":[],"categories":[5,2198,3845],"tags":[6135,62],"_links":{"self":[{"href":"http:\/\/desarrollo.grupomedios.com\/futbol\/wp-json\/wp\/v2\/posts\/456881"}],"collection":[{"href":"http:\/\/desarrollo.grupomedios.com\/futbol\/wp-json\/wp\/v2\/posts"}],"about":[{"href":"http:\/\/desarrollo.grupomedios.com\/futbol\/wp-json\/wp\/v2\/types\/post"}],"author":[{"embeddable":true,"href":"http:\/\/desarrollo.grupomedios.com\/futbol\/wp-json\/wp\/v2\/users\/20"}],"replies":[{"embeddable":true,"href":"http:\/\/desarrollo.grupomedios.com\/futbol\/wp-json\/wp\/v2\/comments?post=456881"}],"version-history":[{"count":0,"href":"http:\/\/desarrollo.grupomedios.com\/futbol\/wp-json\/wp\/v2\/posts\/456881\/revisions"}],"wp:featuredmedia":[{"embeddable":true,"href":"http:\/\/desarrollo.grupomedios.com\/futbol\/wp-json\/wp\/v2\/media\/456884"}],"wp:attachment":[{"href":"http:\/\/desarrollo.grupomedios.com\/futbol\/wp-json\/wp\/v2\/media?parent=456881"}],"wp:term":[{"taxonomy":"category","embeddable":true,"href":"http:\/\/desarrollo.grupomedios.com\/futbol\/wp-json\/wp\/v2\/categories?post=456881"},{"taxonomy":"post_tag","embeddable":true,"href":"http:\/\/desarrollo.grupomedios.com\/futbol\/wp-json\/wp\/v2\/tags?post=456881"}],"curies":[{"name":"wp","href":"https:\/\/api.w.org\/{rel}","templated":true}]}}