{"id":456883,"date":"2017-01-30T12:08:58","date_gmt":"2017-01-30T18:08:58","guid":{"rendered":"https:\/\/www.futboltotal.com.mx\/?p=456883"},"modified":"2017-01-30T12:10:48","modified_gmt":"2017-01-30T18:10:48","slug":"delantero-chileno-junior-fernandes-ultima-opcion-refuerzo-para-america","status":"publish","type":"post","link":"http:\/\/desarrollo.grupomedios.com\/futbol\/destacado-home\/delantero-chileno-junior-fernandes-ultima-opcion-refuerzo-para-america\/2017\/01","title":{"rendered":"Un delantero chileno, \u00faltima opci\u00f3n de refuerzo para el Am\u00e9rica"},"content":{"rendered":"<p>Medios chilenos est\u00e1n\u00a0asegurando que el <strong>Am\u00e9rica<\/strong> apunta a un atacante andino para ser su \u00faltimo refuerzo en este torneo <strong>Clausura 2017<\/strong> de la Liga MX. Si nombre: <strong>Junior Fernandes<\/strong>.<\/p>\n<p>Seg\u00fan el diario El Mercurio, Fernandes, de 28 a\u00f1os, ha sido dado de baja del club en el que jugaba hasta ahora, el <strong>D\u00ednamo Zagreb<\/strong> de Croacia, luego de que ya no cuente para el t\u00e9cnico\u00a0Ivalio Petev.<\/p>\n<p>El delantero chileno ha marcado 35 goles en su paso con el cuadro croata, al que inicialmente lleg\u00f3 a pr\u00e9stamo pero finalmente lo compr\u00f3, y es uno de los jugadores con el salario m\u00e1s alto de ese plantel, por lo que el D\u00ednamo buscar\u00eda venderlo.<\/p>\n<p style=\"text-align: center;\"><a href=\"https:\/\/www.futboltotal.com.mx\/2017\/01\/11-ideal-la-jornada-4-del-clausura-2017\/\">VER M\u00c1S: 11 IDEAL DE LA JORNADA 4 DEL CLAUSURA 2017<\/a><\/p>\n<p>Fernandes, quien tambi\u00e9n interesa a clubes de Ucrania y Rusia, debut\u00f3 en el futbol profesional con el Cobreloa, pasando por otros clubes como Mejillones, Magallanes, Palestino, Universidad de Chile y Bayer Leverkusen.<\/p>\n<p>En caso de que las <em>\u00c1guilas<\/em> decidan firmar al chileno, ser\u00eda su quinto refuerzo, sum\u00e1ndose al portero argentino Agust\u00edn Marches\u00edn, los paraguayos Christian Paredes y Cecilio Dom\u00ednguez y el tico Gerson Torres, aunque el club mexicano tiene hasta este martes 31 de enero para poder firmar a alg\u00fan jugador que provenga del extranjero.<\/p>\n<p><strong>S\u00edguenos en Twitter: <a href=\"https:\/\/twitter.com\/MXFutbolTotal\">@MXFutbolTotal<\/a><\/strong><\/p>\n","protected":false},"excerpt":{"rendered":"<p>Junior Fernandes, dado de baja del D\u00ednamo Zagreb, suena para llegar a las \u00c1guilas.<\/p>\n","protected":false},"author":20,"featured_media":456885,"comment_status":"closed","ping_status":"closed","sticky":false,"template":"","format":"standard","meta":[],"categories":[5,7740,3839,2198,3845],"tags":[1585,5959,7732,4847,8130,64],"_links":{"self":[{"href":"http:\/\/desarrollo.grupomedios.com\/futbol\/wp-json\/wp\/v2\/posts\/456883"}],"collection":[{"href":"http:\/\/desarrollo.grupomedios.com\/futbol\/wp-json\/wp\/v2\/posts"}],"about":[{"href":"http:\/\/desarrollo.grupomedios.com\/futbol\/wp-json\/wp\/v2\/types\/post"}],"author":[{"embeddable":true,"href":"http:\/\/desarrollo.grupomedios.com\/futbol\/wp-json\/wp\/v2\/users\/20"}],"replies":[{"embeddable":true,"href":"http:\/\/desarrollo.grupomedios.com\/futbol\/wp-json\/wp\/v2\/comments?post=456883"}],"version-history":[{"count":0,"href":"http:\/\/desarrollo.grupomedios.com\/futbol\/wp-json\/wp\/v2\/posts\/456883\/revisions"}],"wp:featuredmedia":[{"embeddable":true,"href":"http:\/\/desarrollo.grupomedios.com\/futbol\/wp-json\/wp\/v2\/media\/456885"}],"wp:attachment":[{"href":"http:\/\/desarrollo.grupomedios.com\/futbol\/wp-json\/wp\/v2\/media?parent=456883"}],"wp:term":[{"taxonomy":"category","embeddable":true,"href":"http:\/\/desarrollo.grupomedios.com\/futbol\/wp-json\/wp\/v2\/categories?post=456883"},{"taxonomy":"post_tag","embeddable":true,"href":"http:\/\/desarrollo.grupomedios.com\/futbol\/wp-json\/wp\/v2\/tags?post=456883"}],"curies":[{"name":"wp","href":"https:\/\/api.w.org\/{rel}","templated":true}]}}