{"id":456899,"date":"2017-01-30T13:42:51","date_gmt":"2017-01-30T19:42:51","guid":{"rendered":"https:\/\/www.futboltotal.com.mx\/?p=456899"},"modified":"2017-01-31T09:37:07","modified_gmt":"2017-01-31T15:37:07","slug":"causa-efecto-bryan-rabello","status":"publish","type":"post","link":"http:\/\/desarrollo.grupomedios.com\/futbol\/destacado-home\/causa-efecto-bryan-rabello\/2017\/01","title":{"rendered":"Causa y efecto de&#8230; Bryan Rabello"},"content":{"rendered":"<p><strong>Bryan Rabello<\/strong>\u00a0hab\u00eda sido titular en Pumas\u00a0desde su llegada y en la Jornada 4 del Clausura 2017 dio muestra de su calidad con un golazo qu\u00e9 firm\u00f3 la victoria 3-1 sobre Necaxa.<\/p>\n<p><strong>Rabello<\/strong>\u00a0sufri\u00f3 bastante para destacar en alg\u00fan club. En Espa\u00f1a, por ejemplo, milit\u00f3 con el Sevilla y nunca pudo dejar huella. Sin embargo regresar al futbol de Am\u00e9rica, quiz\u00e1, fue lo mejor que pudo pasarle.<\/p>\n<p style=\"text-align: center;\"><span style=\"color: #3366ff;\"><a style=\"color: #3366ff;\" href=\"https:\/\/www.futboltotal.com.mx\/2017\/01\/11-ideal-la-jornada-4-del-clausura-2017\/\" target=\"_blank\">LEER M\u00c1S: 11 ideal de la jornada 4 del Clausura 2017<\/a><\/span><\/p>\n<p>Santos lo rescat\u00f3 de un mal andar en Europa, en donde solo destac\u00f3 con el Deportivo la Coru\u00f1a. Y con\u00a0<strong>Pumas<\/strong>\u00a0comienza a despegar. En Futbol Total te lo contamos en Causa y efecto.<\/p>\n<p>[video_player]https:\/\/player.vimeo.com\/external\/201706615.hd.mp4?s=eee123362d44cb641c419cf6225743eafb0624d0&amp;profile_id=174|wide<wbr \/>\u00a0[\/video_player]<\/p>\n","protected":false},"excerpt":{"rendered":"<p>El chileno fue autor de un golazo el fin de semana ante Necaxa.<\/p>\n","protected":false},"author":20,"featured_media":456903,"comment_status":"closed","ping_status":"closed","sticky":false,"template":"","format":"standard","meta":[],"categories":[5,7570,2198,3845],"tags":[7680,74],"_links":{"self":[{"href":"http:\/\/desarrollo.grupomedios.com\/futbol\/wp-json\/wp\/v2\/posts\/456899"}],"collection":[{"href":"http:\/\/desarrollo.grupomedios.com\/futbol\/wp-json\/wp\/v2\/posts"}],"about":[{"href":"http:\/\/desarrollo.grupomedios.com\/futbol\/wp-json\/wp\/v2\/types\/post"}],"author":[{"embeddable":true,"href":"http:\/\/desarrollo.grupomedios.com\/futbol\/wp-json\/wp\/v2\/users\/20"}],"replies":[{"embeddable":true,"href":"http:\/\/desarrollo.grupomedios.com\/futbol\/wp-json\/wp\/v2\/comments?post=456899"}],"version-history":[{"count":0,"href":"http:\/\/desarrollo.grupomedios.com\/futbol\/wp-json\/wp\/v2\/posts\/456899\/revisions"}],"wp:featuredmedia":[{"embeddable":true,"href":"http:\/\/desarrollo.grupomedios.com\/futbol\/wp-json\/wp\/v2\/media\/456903"}],"wp:attachment":[{"href":"http:\/\/desarrollo.grupomedios.com\/futbol\/wp-json\/wp\/v2\/media?parent=456899"}],"wp:term":[{"taxonomy":"category","embeddable":true,"href":"http:\/\/desarrollo.grupomedios.com\/futbol\/wp-json\/wp\/v2\/categories?post=456899"},{"taxonomy":"post_tag","embeddable":true,"href":"http:\/\/desarrollo.grupomedios.com\/futbol\/wp-json\/wp\/v2\/tags?post=456899"}],"curies":[{"name":"wp","href":"https:\/\/api.w.org\/{rel}","templated":true}]}}