{"id":456921,"date":"2017-01-30T14:55:50","date_gmt":"2017-01-30T20:55:50","guid":{"rendered":"https:\/\/www.futboltotal.com.mx\/?p=456921"},"modified":"2017-01-30T14:57:48","modified_gmt":"2017-01-30T20:57:48","slug":"edson-alvarez-listo-primera-convocatoria-tri","status":"publish","type":"post","link":"http:\/\/desarrollo.grupomedios.com\/futbol\/futbol-mexicano\/edson-alvarez-listo-primera-convocatoria-tri\/2017\/01","title":{"rendered":"Edson \u00c1lvarez listo para su primera convocatoria con el Tri"},"content":{"rendered":"<p>Debut\u00f3 en el Apertura 2016, sus buenas actuaciones con el Club Am\u00e9rica han hecho que <strong>Juan Carlos Osorio<\/strong> se fije en \u00e9l para ser parte de la Selecci\u00f3n Mexicana de cara al duelo amistoso que sostendr\u00e1n ante Islandia.<\/p>\n<p><strong>Edson<\/strong>, con tan solo 19 a\u00f1os, es uno de los futbolistas de nuestro pa\u00eds que ya destaca en la Liga MX. El canterano de las \u00c1guilas ya habr\u00eda recibido el permiso por parte del club para acudir con la Selecci\u00f3n para jugar ante Islandia y sea visto por primera vez por Osorio.<\/p>\n<p style=\"text-align: center;\"><span style=\"color: #3366ff;\"><a style=\"color: #3366ff;\" href=\"https:\/\/www.futboltotal.com.mx\/2017\/01\/causa-efecto-bryan-rabello\/\" target=\"_blank\">LEER M\u00c1S: Causa y efecto de\u2026 Bryan Rabello<\/a><\/span><\/p>\n<p>De acuerdo al diario <em>R\u00e9cord<\/em> y a la agencia de noticias<em> Pressports,<\/em> el futbolista ya sabe sobre su llamado, el cu\u00e1l se oficializar\u00e1 este martes. <em>El Mach\u00edn<\/em>, como es conocido, ya pudo declarar ante la c\u00e1mara de<em> Pressports<\/em> y dice sentirse feliz, adem\u00e1s de que desea aprovechar al m\u00e1ximo su primera vez con la camiseta de M\u00e9xico.<\/p>\n<blockquote><p>&#8220;Fue todo r\u00e1pido y el f\u00fatbol es de oportunidades y aprovechar al 100 esta convocatoria&#8221;, declar\u00f3 el juvenil americanista.<\/p><\/blockquote>\n<p>Cabe aclarar que esta no ser\u00eda la \u00fanica sorpresa que dar\u00e1 <strong>Osorio<\/strong> para el juego ante los vikingos, pues se espera que otros jugadores que han destacado y no han sido llamados al Tri, tengan su oportunidad el pr\u00f3ximo 8 de Febrero.<\/p>\n<p>S\u00edguenos en Twitter: <a href=\"https:\/\/twitter.com\/MXFutbolTotal\" target=\"_blank\">@MXFutbolTotal<\/a><\/p>\n","protected":false},"excerpt":{"rendered":"<p>El defensor juvenil tendr\u00e1 su primera oportunidad con Selecci\u00f3n. <\/p>\n","protected":false},"author":20,"featured_media":456927,"comment_status":"closed","ping_status":"closed","sticky":false,"template":"","format":"standard","meta":[],"categories":[2198,3845,3847],"tags":[5959,1774,7939],"_links":{"self":[{"href":"http:\/\/desarrollo.grupomedios.com\/futbol\/wp-json\/wp\/v2\/posts\/456921"}],"collection":[{"href":"http:\/\/desarrollo.grupomedios.com\/futbol\/wp-json\/wp\/v2\/posts"}],"about":[{"href":"http:\/\/desarrollo.grupomedios.com\/futbol\/wp-json\/wp\/v2\/types\/post"}],"author":[{"embeddable":true,"href":"http:\/\/desarrollo.grupomedios.com\/futbol\/wp-json\/wp\/v2\/users\/20"}],"replies":[{"embeddable":true,"href":"http:\/\/desarrollo.grupomedios.com\/futbol\/wp-json\/wp\/v2\/comments?post=456921"}],"version-history":[{"count":0,"href":"http:\/\/desarrollo.grupomedios.com\/futbol\/wp-json\/wp\/v2\/posts\/456921\/revisions"}],"wp:featuredmedia":[{"embeddable":true,"href":"http:\/\/desarrollo.grupomedios.com\/futbol\/wp-json\/wp\/v2\/media\/456927"}],"wp:attachment":[{"href":"http:\/\/desarrollo.grupomedios.com\/futbol\/wp-json\/wp\/v2\/media?parent=456921"}],"wp:term":[{"taxonomy":"category","embeddable":true,"href":"http:\/\/desarrollo.grupomedios.com\/futbol\/wp-json\/wp\/v2\/categories?post=456921"},{"taxonomy":"post_tag","embeddable":true,"href":"http:\/\/desarrollo.grupomedios.com\/futbol\/wp-json\/wp\/v2\/tags?post=456921"}],"curies":[{"name":"wp","href":"https:\/\/api.w.org\/{rel}","templated":true}]}}