{"id":456933,"date":"2017-01-30T16:03:36","date_gmt":"2017-01-30T22:03:36","guid":{"rendered":"https:\/\/www.futboltotal.com.mx\/?p=456933"},"modified":"2017-01-30T16:09:30","modified_gmt":"2017-01-30T22:09:30","slug":"necaxa-recupera-al-goleador-edson-puch","status":"publish","type":"post","link":"http:\/\/desarrollo.grupomedios.com\/futbol\/futbol-mexicano\/necaxa-recupera-al-goleador-edson-puch\/2017\/01","title":{"rendered":"Necaxa recupera al goleador Edson Puch"},"content":{"rendered":"<p>Un par de d\u00edas despu\u00e9s de haber recibido el alta m\u00e9dica, el delantero chileno <strong>Edson Puch<\/strong> est\u00e1 de regreso con el <strong>Necaxa<\/strong> y entrena a tope para volver a jugar un partido de liga el pr\u00f3ximo fin de semana, cuando Necaxa se mida ante <em>Rayados<\/em> en la jornada 4 del Clausura 2017.<\/p>\n<p><strong>Puch<\/strong> estuvo tres semanas fuera rehabilit\u00e1ndose de una tendinitis rotuliana en la rodilla derecha que sufri\u00f3 durante el primer partido del torneo ante Cruz Azul. Este lunes el jugador entren\u00f3 con el primer equipo y dej\u00f3 buenas sensaciones, por lo que el t\u00e9cnico Alfonso Sosa podr\u00eda darle minutos en el duelo copero del mi\u00e9rcoles ante Potros de la UAEM.<\/p>\n<p style=\"text-align: center;\"><a href=\"https:\/\/www.futboltotal.com.mx\/futbol-mexicano\/\"><span style=\"color: #3366ff;\">LEER M\u00c1S: Todas las noticias de futbol mexicano<\/span><\/a><\/p>\n<p>&#8220;Los hombres no se hacen a partir de victorias f\u00e1ciles sino en base de grandes derrotas. #fuerzarayos #deatraspicaelindio .<br \/>\nCon todo esta semana&#8221;, public\u00f3 el internacional chileno a trav\u00e9s de su cuenta de Instagram.<\/p>\n<blockquote class=\"instagram-media\" style=\"background: #FFF; border: 0; border-radius: 3px; box-shadow: 0 0 1px 0 rgba(0,0,0,0.5),0 1px 10px 0 rgba(0,0,0,0.15); margin: 1px; max-width: 658px; padding: 0; width: calc(100% - 2px);\" data-instgrm-captioned=\"\" data-instgrm-version=\"7\">\n<div style=\"padding: 8px;\">\n<div style=\"background: #F8F8F8; line-height: 0; margin-top: 40px; padding: 28.10185185185185% 0; text-align: center; width: 100%;\"><\/div>\n<p style=\"margin: 8px 0 0 0; padding: 0 4px;\"><a style=\"color: #000; font-family: Arial,sans-serif; font-size: 14px; font-style: normal; font-weight: normal; line-height: 17px; text-decoration: none; word-wrap: break-word;\" href=\"https:\/\/www.instagram.com\/p\/BP0mfc6FsLB\/\" target=\"_blank\">Ya estamos de alta \u2705 por fin vuelvo \u26bd\ufe0f&#x1f60d;&#x1f60d;<\/a><\/p>\n<p style=\"color: #c9c8cd; font-family: Arial,sans-serif; font-size: 14px; line-height: 17px; margin-bottom: 0; margin-top: 8px; overflow: hidden; padding: 8px 0 7px; text-align: center; text-overflow: ellipsis; white-space: nowrap;\">A video posted by Edson Puch [22] (@edsonpuch) on <time style=\"font-family: Arial,sans-serif; font-size: 14px; line-height: 17px;\" datetime=\"2017-01-28T20:44:00+00:00\">Jan 28, 2017 at 12:44pm PST<\/time><\/p>\n<\/div>\n<\/blockquote>\n<p><script async defer src=\"\/\/platform.instagram.com\/en_US\/embeds.js\"><\/script><br \/>\nNecaxa cay\u00f3 (3-1) en su \u00faltimo partido ante Pumas y sin Puch consigui\u00f3 solo un par de triunfos por la m\u00ednima diferencia ante Le\u00f3n y Pachuca. El chileno le ha hecho falta al equipo y su regreso sin duda le caer\u00e1 de lujo al club, que por ahora es decimosexto en la Tabla General con seis puntos.<\/p>\n<p><span style=\"color: #3366ff;\"><strong>S\u00edguenos en Twitter<\/strong>: <a style=\"color: #3366ff;\" href=\"https:\/\/twitter.com\/MXFutbolTotal\" target=\"_blank\">@MXFutbolTotal<\/a><\/span><\/p>\n","protected":false},"excerpt":{"rendered":"<p>El delantero chileno recibi\u00f3 el alta m\u00e9dica y ya entrena a tope para reaparecer con los Rayos.<\/p>\n","protected":false},"author":20,"featured_media":456967,"comment_status":"closed","ping_status":"closed","sticky":false,"template":"","format":"standard","meta":[],"categories":[2198,3845,5950],"tags":[7454,261],"_links":{"self":[{"href":"http:\/\/desarrollo.grupomedios.com\/futbol\/wp-json\/wp\/v2\/posts\/456933"}],"collection":[{"href":"http:\/\/desarrollo.grupomedios.com\/futbol\/wp-json\/wp\/v2\/posts"}],"about":[{"href":"http:\/\/desarrollo.grupomedios.com\/futbol\/wp-json\/wp\/v2\/types\/post"}],"author":[{"embeddable":true,"href":"http:\/\/desarrollo.grupomedios.com\/futbol\/wp-json\/wp\/v2\/users\/20"}],"replies":[{"embeddable":true,"href":"http:\/\/desarrollo.grupomedios.com\/futbol\/wp-json\/wp\/v2\/comments?post=456933"}],"version-history":[{"count":0,"href":"http:\/\/desarrollo.grupomedios.com\/futbol\/wp-json\/wp\/v2\/posts\/456933\/revisions"}],"wp:featuredmedia":[{"embeddable":true,"href":"http:\/\/desarrollo.grupomedios.com\/futbol\/wp-json\/wp\/v2\/media\/456967"}],"wp:attachment":[{"href":"http:\/\/desarrollo.grupomedios.com\/futbol\/wp-json\/wp\/v2\/media?parent=456933"}],"wp:term":[{"taxonomy":"category","embeddable":true,"href":"http:\/\/desarrollo.grupomedios.com\/futbol\/wp-json\/wp\/v2\/categories?post=456933"},{"taxonomy":"post_tag","embeddable":true,"href":"http:\/\/desarrollo.grupomedios.com\/futbol\/wp-json\/wp\/v2\/tags?post=456933"}],"curies":[{"name":"wp","href":"https:\/\/api.w.org\/{rel}","templated":true}]}}