{"id":457051,"date":"2017-01-30T21:29:42","date_gmt":"2017-01-31T03:29:42","guid":{"rendered":"https:\/\/www.futboltotal.com.mx\/?p=457051"},"modified":"2017-01-30T21:29:42","modified_gmt":"2017-01-31T03:29:42","slug":"arturo-vidal-manda-mensaje-a-eduardo-vargas","status":"publish","type":"post","link":"http:\/\/desarrollo.grupomedios.com\/futbol\/futbol-mexicano\/arturo-vidal-manda-mensaje-a-eduardo-vargas\/2017\/01","title":{"rendered":"Arturo Vidal manda mensaje a Eduardo Vargas"},"content":{"rendered":"<p>La estrella del futbol chileno, <strong>Arturo Vidal<\/strong>, mand\u00f3 un mensaje a su compatriota y amigo <strong>Eduardo Vargas<\/strong>, qui\u00e9n est\u00e1 listo para vestir la camiseta de Tigres en el Clausura 2017 de la Liga Mx.<\/p>\n<p>Vidal mando buena vibra y \u00e9xito a su amigo a trav\u00e9s de las redes sociales, en donde se publica junto a una fotograf\u00eda de ambos futbolistas con la Selecci\u00f3n Chilena y un buen mensaje de apoyo.<\/p>\n<p>&nbsp;<\/p>\n<blockquote class=\"twitter-tweet\" data-lang=\"es\">\n<p dir=\"ltr\" lang=\"es\">Mucho \u00e9xito hermano @eduardovargasrj1 en tu nuevo desaf\u00edo!!!&#x1f4aa;&#x1f3fd;&#x1f4aa;&#x1f3fd;demuestra lo fuerte que eres goleador!!!\u26bd\ufe0f\u26bd\ufe0f que sea un gran 2017 para ti&#x1f609;&#x1f609; <a href=\"https:\/\/t.co\/8tvQ406YPO\">pic.twitter.com\/8tvQ406YPO<\/a><\/p>\n<p>\u2014 Arturo Vidal (@kingarturo23) <a href=\"https:\/\/twitter.com\/kingarturo23\/status\/825806360369627136\">29 de enero de 2017<\/a><\/p><\/blockquote>\n<p><script async src=\"\/\/platform.twitter.com\/widgets.js\" charset=\"utf-8\"><\/script><\/p>\n<p>Vargas ya se encuentra en M\u00e9xico e incluso ya entren\u00f3 con Tigres, se espera que pueda debutar el pr\u00f3ximo fin de semana, todo depende de que llegue su pase a tiempo para que el Tuca Ferretti lo pueda considerar.<\/p>\n<p style=\"text-align: center;\"><span style=\"color: #3366ff;\"><a style=\"color: #3366ff;\" href=\"https:\/\/www.futboltotal.com.mx\/2017\/01\/vargas-advincula-ya-entrenaron-tigres\/\" target=\"_blank\">LEER M\u00c1S: Vargas y Adv\u00edncula ya entrenaron con Tigres.<\/a><\/span><\/p>\n<p>S\u00edguenos en Twitter: <a href=\"https:\/\/twitter.com\/MXFutbolTotal\" target=\"_blank\">@MXFutbolTotal<\/a><\/p>\n","protected":false},"excerpt":{"rendered":"<p>El jugador del Bayern M\u00fanich le desea \u00e9xito a Vargas en su nueva etapa. <\/p>\n","protected":false},"author":20,"featured_media":457053,"comment_status":"closed","ping_status":"closed","sticky":false,"template":"","format":"standard","meta":[],"categories":[5419,2198,3845],"tags":[2962,5994,5973],"_links":{"self":[{"href":"http:\/\/desarrollo.grupomedios.com\/futbol\/wp-json\/wp\/v2\/posts\/457051"}],"collection":[{"href":"http:\/\/desarrollo.grupomedios.com\/futbol\/wp-json\/wp\/v2\/posts"}],"about":[{"href":"http:\/\/desarrollo.grupomedios.com\/futbol\/wp-json\/wp\/v2\/types\/post"}],"author":[{"embeddable":true,"href":"http:\/\/desarrollo.grupomedios.com\/futbol\/wp-json\/wp\/v2\/users\/20"}],"replies":[{"embeddable":true,"href":"http:\/\/desarrollo.grupomedios.com\/futbol\/wp-json\/wp\/v2\/comments?post=457051"}],"version-history":[{"count":0,"href":"http:\/\/desarrollo.grupomedios.com\/futbol\/wp-json\/wp\/v2\/posts\/457051\/revisions"}],"wp:featuredmedia":[{"embeddable":true,"href":"http:\/\/desarrollo.grupomedios.com\/futbol\/wp-json\/wp\/v2\/media\/457053"}],"wp:attachment":[{"href":"http:\/\/desarrollo.grupomedios.com\/futbol\/wp-json\/wp\/v2\/media?parent=457051"}],"wp:term":[{"taxonomy":"category","embeddable":true,"href":"http:\/\/desarrollo.grupomedios.com\/futbol\/wp-json\/wp\/v2\/categories?post=457051"},{"taxonomy":"post_tag","embeddable":true,"href":"http:\/\/desarrollo.grupomedios.com\/futbol\/wp-json\/wp\/v2\/tags?post=457051"}],"curies":[{"name":"wp","href":"https:\/\/api.w.org\/{rel}","templated":true}]}}