{"id":457061,"date":"2017-01-31T09:37:58","date_gmt":"2017-01-31T15:37:58","guid":{"rendered":"https:\/\/www.futboltotal.com.mx\/?p=457061"},"modified":"2017-01-31T12:10:56","modified_gmt":"2017-01-31T18:10:56","slug":"alexandre-pato-confirma-pase-al-club-chino-entrenado-cannavaro","status":"publish","type":"post","link":"http:\/\/desarrollo.grupomedios.com\/futbol\/futbol-internacional\/alexandre-pato-confirma-pase-al-club-chino-entrenado-cannavaro\/2017\/01","title":{"rendered":"Pato confirma su pase al club chino entrenado por Cannavaro"},"content":{"rendered":"<p>El delantero internacional brasile\u00f1o <strong>Alexandre Pato<\/strong>, que militaba desde el inicio de esta temporada en el Villarreal espa\u00f1ol, ha confirmado su marcha al Tianjin Quanjian de la liga china, entrenado por Fabio Cannavaro y que ha pagado por \u00e9l 18 millones de euros.<\/p>\n<p><strong>Pato<\/strong>, que hab\u00eda viajado a Roma para someterse a un examen m\u00e9dico previo al posible fichaje, confirm\u00f3 su marcha al futbol asi\u00e1tico a trav\u00e9s de su cuenta de <em>Twitter<\/em>, donde public\u00f3 una foto en la que posa junto a Cannavaro y dice estar muy satisfecho con la decisi\u00f3n.<\/p>\n<p>https:\/\/twitter.com\/AlexandrePato\/status\/826149742916808705<\/p>\n<p style=\"text-align: center;\"><a href=\"https:\/\/www.futboltotal.com.mx\/2017\/01\/jugador-del-hull-city-falla-dos-penales-en-minuto\/\"><span style=\"color: #3366ff;\">LEER M\u00c1S: Jugador del Hull City falla dos penales en un minuto<\/span><\/a><\/p>\n<p>&#8220;Estoy muy feliz de ser parte de esta nueva familia en el Tianjin Quanjian&#8221;, se\u00f1al\u00f3 <strong>Alexandre Pato<\/strong>, delantero de 27 a\u00f1os, que tambi\u00e9n ha militado en el Mil\u00e1n, el Chelsea, el Sao Paulo o el Corinthians.<\/p>\n<p>El Tianjin Quanjian ascendi\u00f3 a Primera divisi\u00f3n la pasada temporada, y tambi\u00e9n se ha reforzado de cara al nuevo campeonato liguero (que empieza en marzo) con el fichaje del centrocampista belga Axel Witsel.<\/p>\n<p style=\"text-align: center;\"><a href=\"https:\/\/www.futboltotal.com.mx\/2017\/01\/jimenez-volvio-a-lesionarse-benfica-perdio\/\"><span style=\"color: #3366ff;\">LEER M\u00c1S: Jim\u00e9nez volvi\u00f3 a lesionarse y Benfica perdi\u00f3<\/span><\/a><\/p>\n<p>El equipo de Tianjin, ciudad vecina a Pek\u00edn, ya ten\u00eda en su delantera la pasada temporada a un viejo conocido de la liga espa\u00f1ola, el tambi\u00e9n brasile\u00f1o Luis Fabiano, aunque todo parece indicar, y m\u00e1s con la llegada de <strong>Pato<\/strong>, que el exsevillista emigrar\u00e1 al futbol de su pa\u00eds.<\/p>\n<p><b>S\u00edguenos en <span id=\"m_-2858634957202097623goog_2054972132\"><\/span>Twitter <a href=\"https:\/\/twitter.com\/MXFutbolTotal\" target=\"_blank\" data-saferedirecturl=\"https:\/\/www.google.com\/url?hl=es&amp;q=https:\/\/twitter.com\/MXFutbolTotal&amp;source=gmail&amp;ust=1485962855482000&amp;usg=AFQjCNH2aelVuD2oXT9jPVKkyjTPhSB9TQ\">@MXFutbolTotal<\/a><\/b><\/p>\n","protected":false},"excerpt":{"rendered":"<p>Con el Villarreal disput\u00f3 24 partidos, anot\u00f3 seis goles y puso cuatro asistencias.<\/p>\n","protected":false},"author":144,"featured_media":457065,"comment_status":"closed","ping_status":"closed","sticky":false,"template":"","format":"standard","meta":[],"categories":[7501,7740,3839],"tags":[2298,8139],"_links":{"self":[{"href":"http:\/\/desarrollo.grupomedios.com\/futbol\/wp-json\/wp\/v2\/posts\/457061"}],"collection":[{"href":"http:\/\/desarrollo.grupomedios.com\/futbol\/wp-json\/wp\/v2\/posts"}],"about":[{"href":"http:\/\/desarrollo.grupomedios.com\/futbol\/wp-json\/wp\/v2\/types\/post"}],"author":[{"embeddable":true,"href":"http:\/\/desarrollo.grupomedios.com\/futbol\/wp-json\/wp\/v2\/users\/144"}],"replies":[{"embeddable":true,"href":"http:\/\/desarrollo.grupomedios.com\/futbol\/wp-json\/wp\/v2\/comments?post=457061"}],"version-history":[{"count":0,"href":"http:\/\/desarrollo.grupomedios.com\/futbol\/wp-json\/wp\/v2\/posts\/457061\/revisions"}],"wp:featuredmedia":[{"embeddable":true,"href":"http:\/\/desarrollo.grupomedios.com\/futbol\/wp-json\/wp\/v2\/media\/457065"}],"wp:attachment":[{"href":"http:\/\/desarrollo.grupomedios.com\/futbol\/wp-json\/wp\/v2\/media?parent=457061"}],"wp:term":[{"taxonomy":"category","embeddable":true,"href":"http:\/\/desarrollo.grupomedios.com\/futbol\/wp-json\/wp\/v2\/categories?post=457061"},{"taxonomy":"post_tag","embeddable":true,"href":"http:\/\/desarrollo.grupomedios.com\/futbol\/wp-json\/wp\/v2\/tags?post=457061"}],"curies":[{"name":"wp","href":"https:\/\/api.w.org\/{rel}","templated":true}]}}