{"id":457117,"date":"2017-01-31T12:20:01","date_gmt":"2017-01-31T18:20:01","guid":{"rendered":"https:\/\/www.futboltotal.com.mx\/?p=457117"},"modified":"2017-01-31T12:23:43","modified_gmt":"2017-01-31T18:23:43","slug":"henry-le-gustaria-ver-a-antoine-griezmann-en-manchester-united","status":"publish","type":"post","link":"http:\/\/desarrollo.grupomedios.com\/futbol\/futbol-internacional\/henry-le-gustaria-ver-a-antoine-griezmann-en-manchester-united\/2017\/01","title":{"rendered":"Henry le gustar\u00eda ver a Griezmann en el Manchester United"},"content":{"rendered":"<p>El exdelantero franc\u00e9s Thierry Henry considera que su compatriota <strong>Antoine Griezmann<\/strong> del Atl\u00e9tico de Madrid ser\u00eda un gran fichaje para el Manchester United de la Premier League de Inglaterra.<\/p>\n<p><strong>Griezmann<\/strong>, que ha jugado dos a\u00f1os y medio en el Atl\u00e9tico de Madrid, ha sido relacionado con un posible pase a un equipo grande de Inglaterra y el Manchester United es el equipo que m\u00e1s fuerte suena para ficharlo.<\/p>\n<p style=\"text-align: center;\"><a href=\"https:\/\/www.futboltotal.com.mx\/2017\/01\/marco-fabian-en-equipo-latino-la-bundesliga\/\"><span style=\"color: #3366ff;\">LEER M\u00c1S: Marco Fabi\u00e1n en el equipo Latino de la Bundesliga<\/span><\/a><\/p>\n<p>Henry, quien brillara con el Arsenal, consider\u00f3 en una entrevista con <em>Sky Sports<\/em> que el atacante rojiblanco de 25 a\u00f1os &#8220;es alguien que encajar\u00eda perfectamente en la <em>Premier League<\/em>&#8220;, en donde ofrecer\u00eda entretenimiento a sus aficionados, sin importar por qu\u00e9 equipo fichara. &#8220;Si se va a Old Trafford ser\u00eda lo mejor. Es un jugador indispensable. Lo conozco desde hace mucho tiempo, desde que empezaba a destacar en la Real Sociedad&#8221;.<\/p>\n<p style=\"text-align: center;\"><a href=\"https:\/\/www.futboltotal.com.mx\/2017\/01\/milan-se-lleva-una-perla-argentina-francia\/\"><span style=\"color: #3366ff;\">LEER M\u00c1S: Mil\u00e1n se lleva una perla argentina de Francia<\/span><\/a><\/p>\n<p>El campe\u00f3n del mundo en Francia 1998 y de Europa en B\u00e9lgica-Holanda 2000 a\u00f1adi\u00f3: &#8220;Nadie lo quer\u00eda en Francia, entonces se fue a la Real Sociedad para buscar su camino. Eso nos muestra el car\u00e1cter del hombre y como gran futbolista que es logr\u00f3 destacar cuando nadie pens\u00f3 que lo lograr\u00eda&#8221;.<\/p>\n<p><b>S\u00edguenos en <span id=\"m_-2858634957202097623goog_2054972132\"><\/span>Twitter <a href=\"https:\/\/twitter.com\/MXFutbolTotal\" target=\"_blank\" data-saferedirecturl=\"https:\/\/www.google.com\/url?hl=es&amp;q=https:\/\/twitter.com\/MXFutbolTotal&amp;source=gmail&amp;ust=1485962855482000&amp;usg=AFQjCNH2aelVuD2oXT9jPVKkyjTPhSB9TQ\">@MXFutbolTotal<\/a><\/b><\/p>\n<p>&nbsp;<\/p>\n<p>&nbsp;<\/p>\n<p>&nbsp;<\/p>\n","protected":false},"excerpt":{"rendered":"<p>El Tit\u00ed considera que su compatriota le dar\u00eda un plus de entretenimiento a la Premier League.<\/p>\n","protected":false},"author":20,"featured_media":457133,"comment_status":"closed","ping_status":"closed","sticky":false,"template":"","format":"standard","meta":[],"categories":[7740,3839,3844,3846,5951],"tags":[5191,6007,43,949],"_links":{"self":[{"href":"http:\/\/desarrollo.grupomedios.com\/futbol\/wp-json\/wp\/v2\/posts\/457117"}],"collection":[{"href":"http:\/\/desarrollo.grupomedios.com\/futbol\/wp-json\/wp\/v2\/posts"}],"about":[{"href":"http:\/\/desarrollo.grupomedios.com\/futbol\/wp-json\/wp\/v2\/types\/post"}],"author":[{"embeddable":true,"href":"http:\/\/desarrollo.grupomedios.com\/futbol\/wp-json\/wp\/v2\/users\/20"}],"replies":[{"embeddable":true,"href":"http:\/\/desarrollo.grupomedios.com\/futbol\/wp-json\/wp\/v2\/comments?post=457117"}],"version-history":[{"count":0,"href":"http:\/\/desarrollo.grupomedios.com\/futbol\/wp-json\/wp\/v2\/posts\/457117\/revisions"}],"wp:featuredmedia":[{"embeddable":true,"href":"http:\/\/desarrollo.grupomedios.com\/futbol\/wp-json\/wp\/v2\/media\/457133"}],"wp:attachment":[{"href":"http:\/\/desarrollo.grupomedios.com\/futbol\/wp-json\/wp\/v2\/media?parent=457117"}],"wp:term":[{"taxonomy":"category","embeddable":true,"href":"http:\/\/desarrollo.grupomedios.com\/futbol\/wp-json\/wp\/v2\/categories?post=457117"},{"taxonomy":"post_tag","embeddable":true,"href":"http:\/\/desarrollo.grupomedios.com\/futbol\/wp-json\/wp\/v2\/tags?post=457117"}],"curies":[{"name":"wp","href":"https:\/\/api.w.org\/{rel}","templated":true}]}}