{"id":457148,"date":"2017-01-31T12:54:15","date_gmt":"2017-01-31T18:54:15","guid":{"rendered":"https:\/\/www.futboltotal.com.mx\/?p=457148"},"modified":"2017-01-31T17:08:29","modified_gmt":"2017-01-31T23:08:29","slug":"real-madrid-manda-a-uno-sus-jugadores-regreso-a-brasil","status":"publish","type":"post","link":"http:\/\/desarrollo.grupomedios.com\/futbol\/futbol-internacional\/real-madrid-manda-a-uno-sus-jugadores-regreso-a-brasil\/2017\/01","title":{"rendered":"Real Madrid manda a uno de sus jugadores de regreso a Brasil"},"content":{"rendered":"<p>El centrocampista brasile\u00f1o Lucas Silva, perteneciente al <strong>Real Madrid<\/strong>, jugar\u00e1 cedido hasta el 30 de junio de 2018 en el Cruzeiro, seg\u00fan ha informado el club madrile\u00f1o.<\/p>\n<p>Lucas Silva Borges, nacido en la localidad brasile\u00f1a de Bom Jesus de Goias, el 16 de febrero de 1993, fue fichado por el Real Madrid en enero de 2015 procedente precisamente del Cruzeiro.<\/p>\n<blockquote class=\"twitter-tweet\" data-width=\"500\">\n<p lang=\"pt\" dir=\"ltr\">Comunicado Oficial.<a href=\"https:\/\/t.co\/I0lQycP6tI\">https:\/\/t.co\/I0lQycP6tI<\/a><a href=\"https:\/\/twitter.com\/hashtag\/RealMadrid?src=hash\">#RealMadrid<\/a> <a href=\"https:\/\/t.co\/rz3frS8yUX\">pic.twitter.com\/rz3frS8yUX<\/a><\/p>\n<p>&mdash; Real Madrid C. F. (@realmadrid) <a href=\"https:\/\/twitter.com\/realmadrid\/status\/826487324976541696\">January 31, 2017<\/a><\/p><\/blockquote>\n<p><script async src=\"\/\/platform.twitter.com\/widgets.js\" charset=\"utf-8\"><\/script><\/p>\n<p>Debut\u00f3 en la liga espa\u00f1ola el 13 de febrero de 2015, en el partido ante el Deportivo Coru\u00f1a; y el la Liga de Campeones de Europa cinco d\u00edas despu\u00e9s, ante el Schalke 04.<\/p>\n<p>Sin embargo, ese campa\u00f1a s\u00f3lo particip\u00f3 en ocho encuentros del campeonato liguero espa\u00f1ol y en uno de la m\u00e1xima categor\u00eda del f\u00fatbol continental.<\/p>\n<p style=\"text-align: center;\"><span style=\"color: #3366ff;\"><a style=\"color: #3366ff;\" href=\"https:\/\/www.futboltotal.com.mx\/2017\/01\/chicharito-volveria-ex-novia-leticia-sahagun\/\">LEER M\u00c1S: Chicharito volver\u00eda con su ex-novia Leticia Sahag\u00fan<\/a><\/span><\/p>\n<p>Fue cedido en verano de 2015 al Olympique de Marsella, que entonces entrenaba el espa\u00f1ol Miguel Gonz\u00e1lez Mart\u00edn del Campo &#8220;Michel&#8221;, participando en 22 encuentros del campeonato liguero franc\u00e9s. en cinco de la Copa de Francia y en seis de la Liga Europa.<\/p>\n<p>A su regreso al Real Madrid, en verano de 2016, y cuando iba a ser cedido al Sporting de Lisboa, se le detectaron unos problemas card\u00edacos en los ex\u00e1menes m\u00e9dicos pertinentes. Tras su recuperaci\u00f3n, se ha entrenado con la primera plantilla madridista.<\/p>\n<p>Ahora, dos a\u00f1os despu\u00e9s, vuelve a su club de origen, el Cruzeiro, en calidad de cedido por a\u00f1o y medio. EFE.<\/p>\n","protected":false},"excerpt":{"rendered":"<p>Lucas Silva regresar\u00e1 a Brasil con el Cruzeiro.<\/p>\n","protected":false},"author":144,"featured_media":433335,"comment_status":"closed","ping_status":"closed","sticky":false,"template":"","format":"standard","meta":[],"categories":[3839,5951],"tags":[6214,5988],"_links":{"self":[{"href":"http:\/\/desarrollo.grupomedios.com\/futbol\/wp-json\/wp\/v2\/posts\/457148"}],"collection":[{"href":"http:\/\/desarrollo.grupomedios.com\/futbol\/wp-json\/wp\/v2\/posts"}],"about":[{"href":"http:\/\/desarrollo.grupomedios.com\/futbol\/wp-json\/wp\/v2\/types\/post"}],"author":[{"embeddable":true,"href":"http:\/\/desarrollo.grupomedios.com\/futbol\/wp-json\/wp\/v2\/users\/144"}],"replies":[{"embeddable":true,"href":"http:\/\/desarrollo.grupomedios.com\/futbol\/wp-json\/wp\/v2\/comments?post=457148"}],"version-history":[{"count":0,"href":"http:\/\/desarrollo.grupomedios.com\/futbol\/wp-json\/wp\/v2\/posts\/457148\/revisions"}],"wp:featuredmedia":[{"embeddable":true,"href":"http:\/\/desarrollo.grupomedios.com\/futbol\/wp-json\/wp\/v2\/media\/433335"}],"wp:attachment":[{"href":"http:\/\/desarrollo.grupomedios.com\/futbol\/wp-json\/wp\/v2\/media?parent=457148"}],"wp:term":[{"taxonomy":"category","embeddable":true,"href":"http:\/\/desarrollo.grupomedios.com\/futbol\/wp-json\/wp\/v2\/categories?post=457148"},{"taxonomy":"post_tag","embeddable":true,"href":"http:\/\/desarrollo.grupomedios.com\/futbol\/wp-json\/wp\/v2\/tags?post=457148"}],"curies":[{"name":"wp","href":"https:\/\/api.w.org\/{rel}","templated":true}]}}