{"id":457243,"date":"2017-01-31T17:46:25","date_gmt":"2017-01-31T23:46:25","guid":{"rendered":"https:\/\/www.futboltotal.com.mx\/?p=457243"},"modified":"2017-01-31T17:46:25","modified_gmt":"2017-01-31T23:46:25","slug":"chivas-despide-a-tecnico-dos-jugadores-indisciplina","status":"publish","type":"post","link":"http:\/\/desarrollo.grupomedios.com\/futbol\/futbol-mexicano\/chivas-despide-a-tecnico-dos-jugadores-indisciplina\/2017\/01","title":{"rendered":"Chivas despide a t\u00e9cnico y dos jugadores por indisciplina"},"content":{"rendered":"<p>De acuerdo al portal de noticias de Guadalajara, el Informador, dos jugadores de la Sub-20 del Reba\u00f1o fueron expulsados por una grave indisciplina, as\u00ed como el Director T\u00e9cnico del equipo.<\/p>\n<p>En la vista de Chivas a Monterrey hace 15 d\u00edas dos jugadores de Guadalajara cometieron una grave falta que los coloc\u00f3 fuera del club de forma definitiva al igual que a Manuel Mart\u00ednez, estratega de la escuadra.<\/p>\n<p style=\"text-align: center;\"><a href=\"https:\/\/www.futboltotal.com.mx\/2017\/01\/victor-manuel-vucetich-queda-queretaro\/\" target=\"_blank\">LEER M\u00c1S: V\u00edctor Manuel Vucetich queda fuera de Quer\u00e9taro<\/a><\/p>\n<p>La instituci\u00f3n no ha declarado nada al respecto y decidieron dejar al interior del club la historia, pero se conoce que los futbolistas\u00a0Ulises Cardona as\u00ed como Fernando Mizael Ponce\u00a0fueron corridos en cuanto se dio a conocer la indisciplina en la que cayeron.<\/p>\n<p>En el conjunto rojiblanco, aseguran que ambos jugadores metieron a sus habitaciones donde se concentraban a dos amigas y esto tambi\u00e9n afect\u00f3 al entrenador, al que despidieron por no tener buen control del plantel.<\/p>\n<p>Si en alg\u00fan futuro ambos jugadores desean jugar con otra escuadra tendr\u00e1n que adquirir su carta de derechos federativos, la cual cuesta alrededor de 100 mil pesos.<\/p>\n<p>Por el momento\u00a0Ram\u00f3n Baeza y Nicol\u00e1s Morales son los encargados de manejar la direcci\u00f3n t\u00e9cnica de la Sub-20, en lo que directivos se re\u00fanen para ver quien quedar\u00e1 al mando de la escuadra.<\/p>\n<p>S\u00edguenos en Twitter: <a href=\"https:\/\/twitter.com\/MXFutbolTotal\" target=\"_blank\">@MXFutbolTotal<\/a><\/p>\n","protected":false},"excerpt":{"rendered":"<p>Ambos futbolistas tendr\u00e1n que comprar su carta de derechos federativos si desean seguir jugando.<\/p>\n","protected":false},"author":20,"featured_media":457249,"comment_status":"closed","ping_status":"closed","sticky":false,"template":"","format":"standard","meta":[],"categories":[2198,3845],"tags":[70,5963],"_links":{"self":[{"href":"http:\/\/desarrollo.grupomedios.com\/futbol\/wp-json\/wp\/v2\/posts\/457243"}],"collection":[{"href":"http:\/\/desarrollo.grupomedios.com\/futbol\/wp-json\/wp\/v2\/posts"}],"about":[{"href":"http:\/\/desarrollo.grupomedios.com\/futbol\/wp-json\/wp\/v2\/types\/post"}],"author":[{"embeddable":true,"href":"http:\/\/desarrollo.grupomedios.com\/futbol\/wp-json\/wp\/v2\/users\/20"}],"replies":[{"embeddable":true,"href":"http:\/\/desarrollo.grupomedios.com\/futbol\/wp-json\/wp\/v2\/comments?post=457243"}],"version-history":[{"count":0,"href":"http:\/\/desarrollo.grupomedios.com\/futbol\/wp-json\/wp\/v2\/posts\/457243\/revisions"}],"wp:featuredmedia":[{"embeddable":true,"href":"http:\/\/desarrollo.grupomedios.com\/futbol\/wp-json\/wp\/v2\/media\/457249"}],"wp:attachment":[{"href":"http:\/\/desarrollo.grupomedios.com\/futbol\/wp-json\/wp\/v2\/media?parent=457243"}],"wp:term":[{"taxonomy":"category","embeddable":true,"href":"http:\/\/desarrollo.grupomedios.com\/futbol\/wp-json\/wp\/v2\/categories?post=457243"},{"taxonomy":"post_tag","embeddable":true,"href":"http:\/\/desarrollo.grupomedios.com\/futbol\/wp-json\/wp\/v2\/tags?post=457243"}],"curies":[{"name":"wp","href":"https:\/\/api.w.org\/{rel}","templated":true}]}}