{"id":457261,"date":"2017-02-01T10:05:45","date_gmt":"2017-02-01T16:05:45","guid":{"rendered":"https:\/\/www.futboltotal.com.mx\/?p=457261"},"modified":"2017-02-01T10:47:24","modified_gmt":"2017-02-01T16:47:24","slug":"chicharito-se-lesiona-baja-leverkusen","status":"publish","type":"post","link":"http:\/\/desarrollo.grupomedios.com\/futbol\/destacado-home\/chicharito-se-lesiona-baja-leverkusen\/2017\/02","title":{"rendered":"Leverkusen pierde a Chicharito"},"content":{"rendered":"<p>El entrenador Roger Schmidt no podr\u00e1 contar con el delantero mexicano Javier <strong>Chicharito<\/strong> Hern\u00e1ndez para el partido ante el Hamburgo, correspondiente a la jornada 19 de la Bundesliga, debido a que este jueves el mexicano sufri\u00f3 una lesi\u00f3n en la ingle durante el entrenamiento.<\/p>\n<p>Tras presentar molestias musculares <strong>Chicharito<\/strong> tuvo que dejar el entrenamiento para ser valorado por el cuerpo m\u00e9dico del club y, posteriormente, le fue diagnosticado un desgarre en el aductor de la pierna derecha. Luego, el equipo confirm\u00f3 la baja a trav\u00e9s de su cuenta de <em>twitter.<\/em><\/p>\n<p style=\"text-align: center;\"><span style=\"color: #3366ff;\">LEER M\u00c1S: Todas las noticias de mexicanos en Europa\u00a0<\/span><\/p>\n<blockquote class=\"twitter-tweet\" data-lang=\"en\">\n<p dir=\"ltr\" lang=\"es\">&#x1f630;<a href=\"https:\/\/twitter.com\/CH14_\">@CH14_<\/a> sufri\u00f3 una lesi\u00f3n en la ingle durante el <a href=\"https:\/\/twitter.com\/hashtag\/B04BMG?src=hash\">#B04BMG<\/a>, por lo que se perder\u00e1 el <a href=\"https:\/\/twitter.com\/hashtag\/HSVB04?src=hash\">#HSVB04<\/a> de este viernes <a href=\"https:\/\/t.co\/14udmD0TCj\">pic.twitter.com\/14udmD0TCj<\/a><\/p>\n<p>\u2014 Bayer 04 Leverkusen (@bayer04_es) <a href=\"https:\/\/twitter.com\/bayer04_es\/status\/826803918944350208\">February 1, 2017<\/a><\/p><\/blockquote>\n<p><script async src=\"\/\/platform.twitter.com\/widgets.js\" charset=\"utf-8\"><\/script><\/p>\n<p>El mexicano queda fuera de actividad tras haber roto una sequ\u00eda de 18 partidos -119 d\u00edas- sin anotar. Lo hizo el pasado fin de semana en la derrota 2-3 ante el Borussia M\u00f6nchengladbach. <em>CH7\u00a0<\/em>ser\u00e1 valorado en los pr\u00f3ximos d\u00edas y el club dar\u00e1 un parte m\u00e9dico para confirmar el tiempo que le tomar\u00e1 recuperarse de la lesi\u00f3n, que podr\u00eda ser entre tres y cuatro semanas.<\/p>\n<p>Despu\u00e9s de este partido el Bayer Leverkusen recibe al Eintracht Frankfurt en el Bay Arena, el pr\u00f3ximo s\u00e1bado 11 de febrero, y si <strong>Chicharito<\/strong> logra sobreponerse estar\u00e1 disponible.<\/p>\n","protected":false},"excerpt":{"rendered":"<p>El delantero mexicano se perder\u00e1 el duelo del pr\u00f3ximo viernes ante el Hamburgo.<\/p>\n","protected":false},"author":20,"featured_media":457262,"comment_status":"closed","ping_status":"closed","sticky":false,"template":"","format":"standard","meta":[],"categories":[5,3839,6822,6718],"tags":[4335,120],"_links":{"self":[{"href":"http:\/\/desarrollo.grupomedios.com\/futbol\/wp-json\/wp\/v2\/posts\/457261"}],"collection":[{"href":"http:\/\/desarrollo.grupomedios.com\/futbol\/wp-json\/wp\/v2\/posts"}],"about":[{"href":"http:\/\/desarrollo.grupomedios.com\/futbol\/wp-json\/wp\/v2\/types\/post"}],"author":[{"embeddable":true,"href":"http:\/\/desarrollo.grupomedios.com\/futbol\/wp-json\/wp\/v2\/users\/20"}],"replies":[{"embeddable":true,"href":"http:\/\/desarrollo.grupomedios.com\/futbol\/wp-json\/wp\/v2\/comments?post=457261"}],"version-history":[{"count":0,"href":"http:\/\/desarrollo.grupomedios.com\/futbol\/wp-json\/wp\/v2\/posts\/457261\/revisions"}],"wp:featuredmedia":[{"embeddable":true,"href":"http:\/\/desarrollo.grupomedios.com\/futbol\/wp-json\/wp\/v2\/media\/457262"}],"wp:attachment":[{"href":"http:\/\/desarrollo.grupomedios.com\/futbol\/wp-json\/wp\/v2\/media?parent=457261"}],"wp:term":[{"taxonomy":"category","embeddable":true,"href":"http:\/\/desarrollo.grupomedios.com\/futbol\/wp-json\/wp\/v2\/categories?post=457261"},{"taxonomy":"post_tag","embeddable":true,"href":"http:\/\/desarrollo.grupomedios.com\/futbol\/wp-json\/wp\/v2\/tags?post=457261"}],"curies":[{"name":"wp","href":"https:\/\/api.w.org\/{rel}","templated":true}]}}