{"id":457264,"date":"2017-02-01T09:46:32","date_gmt":"2017-02-01T15:46:32","guid":{"rendered":"https:\/\/www.futboltotal.com.mx\/?p=457264"},"modified":"2017-02-01T09:46:32","modified_gmt":"2017-02-01T15:46:32","slug":"chiapas-ficha-a-mosquera-otros-tres-extranjeros","status":"publish","type":"post","link":"http:\/\/desarrollo.grupomedios.com\/futbol\/futbol-mexicano\/chiapas-ficha-a-mosquera-otros-tres-extranjeros\/2017\/02","title":{"rendered":"Chiapas ficha a Mosquera y otros tres extranjeros"},"content":{"rendered":"<p>Pese a que Jaguares de <strong>Chiapas<\/strong> afronta una delicada situaci\u00f3n econ\u00f3mica y la presidencia recibi\u00f3 en d\u00edas pasados un ultim\u00e1tum de la Liga MX para vender al club, el equipo hizo compras de p\u00e1nico en el cierre del mercado de fichajes invernal y consigui\u00f3 fichar cuatro extranjeros de \u00faltima hora, entre ellos, el defensa central <strong>Aquivaldo Mosquera<\/strong>, quien volver\u00e1 al balompi\u00e9 azteca tras dejar al Deportivo Cali.<\/p>\n<p>El club confirm\u00f3 la incorporaci\u00f3n de <strong>Mosquera<\/strong> la noche de este martes e instantes despu\u00e9s anunci\u00f3 la contrataci\u00f3n del delantero portugu\u00e9s Luis Leal dos Anjos, cuyo \u00faltimo club fue el Al-Fateh \u00e1rabe, as\u00ed como del defensa central Franco Valent\u00edn, de 23 a\u00f1os, procedente del Brown Juniors de la divisi\u00f3n de plata de Argentina, y el lateral Diego Ferreira Matheus, de 20 a\u00f1os, formado en las fuerzas b\u00e1sicas del Botafogo.<\/p>\n<p style=\"text-align: center;\"><span style=\"color: #3366ff;\">LEER M\u00c1S: Todas las noticias de futbol mexicano<\/span><\/p>\n<blockquote class=\"twitter-tweet\" data-lang=\"en\">\n<p dir=\"ltr\" lang=\"es\"><a href=\"https:\/\/twitter.com\/hashtag\/RefuerzoJaguar?src=hash\">#RefuerzoJaguar<\/a> Aquivaldo Mosquera Roma\u00f1a \u00a1Bienvenido a la selva! <a href=\"https:\/\/twitter.com\/hashtag\/JaguaresAlAcecho?src=hash\">#JaguaresAlAcecho<\/a> <a href=\"https:\/\/t.co\/ec4jkiMZzk\">pic.twitter.com\/ec4jkiMZzk<\/a><\/p>\n<p>\u2014 Jaguares de Chiapas (@Chiapas_FC) <a href=\"https:\/\/twitter.com\/Chiapas_FC\/status\/826630695330127880\">February 1, 2017<\/a><\/p><\/blockquote>\n<p><script async src=\"\/\/platform.twitter.com\/widgets.js\" charset=\"utf-8\"><\/script><\/p>\n<p>Mosquera y Dos Anjos son las dos contrataciones m\u00e1s sobresalientes de Chiapas, toda vez que el colombiano conoce a la perfecci\u00f3n laLiga MX -fue multicampe\u00f3n con Pachuca y adem\u00e1s gan\u00f3 el t\u00edtulo del Clausura 2013 con Am\u00e9rica- y el portugu\u00e9s, de 29 a\u00f1os,tiene un amplio repertorio de clubes lusos y adem\u00e1s jug\u00f3 para Cerro Porte\u00f1o y recientemente en Arabia, donde hizo ocho goles en 12 partidos.<\/p>\n<blockquote class=\"twitter-tweet\" data-lang=\"en\">\n<p dir=\"ltr\" lang=\"es\"><a href=\"https:\/\/twitter.com\/hashtag\/RefuerzoJaguar?src=hash\">#RefuerzoJaguar<\/a> Luis Leal Dos Anjos \u00a1Bienvenido a la selva! <a href=\"https:\/\/twitter.com\/hashtag\/JaguaresAlAcecho?src=hash\">#JaguaresAlAcecho<\/a> <a href=\"https:\/\/t.co\/5JAx3dln1h\">pic.twitter.com\/5JAx3dln1h<\/a><\/p>\n<p>\u2014 Jaguares de Chiapas (@Chiapas_FC) <a href=\"https:\/\/twitter.com\/Chiapas_FC\/status\/826638974282240000\">February 1, 2017<\/a><\/p><\/blockquote>\n<p><script async src=\"\/\/platform.twitter.com\/widgets.js\" charset=\"utf-8\"><\/script><\/p>\n","protected":false},"excerpt":{"rendered":"<p>Los Jaguares se refuerzan con el examericanista, un delantero portugu\u00e9s y un par de zagueros argentinos. <\/p>\n","protected":false},"author":20,"featured_media":457271,"comment_status":"closed","ping_status":"closed","sticky":false,"template":"","format":"standard","meta":[],"categories":[2198,3845,5950],"tags":[5964,7732,64],"_links":{"self":[{"href":"http:\/\/desarrollo.grupomedios.com\/futbol\/wp-json\/wp\/v2\/posts\/457264"}],"collection":[{"href":"http:\/\/desarrollo.grupomedios.com\/futbol\/wp-json\/wp\/v2\/posts"}],"about":[{"href":"http:\/\/desarrollo.grupomedios.com\/futbol\/wp-json\/wp\/v2\/types\/post"}],"author":[{"embeddable":true,"href":"http:\/\/desarrollo.grupomedios.com\/futbol\/wp-json\/wp\/v2\/users\/20"}],"replies":[{"embeddable":true,"href":"http:\/\/desarrollo.grupomedios.com\/futbol\/wp-json\/wp\/v2\/comments?post=457264"}],"version-history":[{"count":0,"href":"http:\/\/desarrollo.grupomedios.com\/futbol\/wp-json\/wp\/v2\/posts\/457264\/revisions"}],"wp:featuredmedia":[{"embeddable":true,"href":"http:\/\/desarrollo.grupomedios.com\/futbol\/wp-json\/wp\/v2\/media\/457271"}],"wp:attachment":[{"href":"http:\/\/desarrollo.grupomedios.com\/futbol\/wp-json\/wp\/v2\/media?parent=457264"}],"wp:term":[{"taxonomy":"category","embeddable":true,"href":"http:\/\/desarrollo.grupomedios.com\/futbol\/wp-json\/wp\/v2\/categories?post=457264"},{"taxonomy":"post_tag","embeddable":true,"href":"http:\/\/desarrollo.grupomedios.com\/futbol\/wp-json\/wp\/v2\/tags?post=457264"}],"curies":[{"name":"wp","href":"https:\/\/api.w.org\/{rel}","templated":true}]}}