{"id":457281,"date":"2017-02-01T11:01:46","date_gmt":"2017-02-01T17:01:46","guid":{"rendered":"https:\/\/www.futboltotal.com.mx\/?p=457281"},"modified":"2017-02-01T11:01:46","modified_gmt":"2017-02-01T17:01:46","slug":"eduardo-vargas-chupete-tigres","status":"publish","type":"post","link":"http:\/\/desarrollo.grupomedios.com\/futbol\/futbol-mexicano\/eduardo-vargas-chupete-tigres\/2017\/02","title":{"rendered":"Eduardo Vargas, un Chupete para Tigres"},"content":{"rendered":"<p>La contrataci\u00f3n del delantero chileno <strong>Eduardo Vargas<\/strong> a <strong>Tigres<\/strong>\u00a0mantiene gran expectaci\u00f3n. Despu\u00e9s de haber generado pol\u00e9mica al conocerse que los <em>Felinos\u00a0<\/em>pagaron seis millones de d\u00f3lares por su carta y que tendr\u00e1 un sueldo de 250 mil d\u00f3lares mensuales -mayor al que ten\u00eda en la Bundesliga con el Hoffenheim- ahora gana reflectores tras haber elegido la camiseta con el dorsal 26.<\/p>\n<p>Lucir este n\u00famero no es poca cosa en la Sultana del Norte, ya que cada vez que se recuerdan los delanteros que han portado dicha camiseta, es imposible no recordar al gran Humberto <em>Chupete<\/em> Suazo, un aut\u00e9ntico<em> romperredes\u00a0<\/em>que no jug\u00f3 en Tigres, sino en el ac\u00e9rrimo rival <em>Rayados<\/em> de Monterrey.<\/p>\n<p style=\"text-align: center;\"><span style=\"color: #3366ff;\">LEER M\u00c1S: Todas las noticias de futbl mexicano<\/span><\/p>\n<p style=\"text-align: left;\">La estafeta para <strong>Vargas<\/strong> es muy alta. Y es que de los chilenos que han jugado en la Liga MX el <em>Chupete<\/em> Suazo fue el \u00faltimo que logr\u00f3 dejar huella. Adem\u00e1s de ser multicampe\u00f3n se erigi\u00f3 m\u00e1ximo anotador del club y fue el \u00faltimo campe\u00f3n de goleo de esta nacionalidad. Su nombre tambi\u00e9n est\u00e1 en la lista de los r<em>omperredes<\/em> del Cl\u00e1sico Regio, en el que consigui\u00f3 cuatro tantos, y adem\u00e1s entre los jugadores con m\u00e1s partidos jugados. Por si no fuese suficiente, su connacional Claudio Nu\u00f1ez -que se retir\u00f3 en 2009- es quien consigui\u00f3 m\u00e1s tantos en esta clase de partidos al anotar siete. En fin&#8230;<\/p>\n<p style=\"text-align: left;\"><strong>Vargas<\/strong> confes\u00f3 en una ocasi\u00f3n a la revista <em>El Gr\u00e1fico<\/em>\u00a0que &#8220;Chupete es un grand\u00edsimo jugador&#8221;. Sin duda la elecci\u00f3n del 26 es una forma de homenajear al tipo con el que un d\u00eda jug\u00f3 para la Selecci\u00f3n de Chile y al que tambi\u00e9n logr\u00f3 destronar en 2015 como sexto mejor anotador de la misma. Emularlo en la Liga MX ser\u00e1 un alt\u00edsimo reto.<\/p>\n","protected":false},"excerpt":{"rendered":"<p>El chileno elige el dorsal 26, el mismo que utiliz\u00f3 su connacional Suazo en Rayados.<\/p>\n","protected":false},"author":20,"featured_media":457300,"comment_status":"closed","ping_status":"closed","sticky":false,"template":"","format":"standard","meta":[],"categories":[2198,3845,5950],"tags":[5994,497,5973],"_links":{"self":[{"href":"http:\/\/desarrollo.grupomedios.com\/futbol\/wp-json\/wp\/v2\/posts\/457281"}],"collection":[{"href":"http:\/\/desarrollo.grupomedios.com\/futbol\/wp-json\/wp\/v2\/posts"}],"about":[{"href":"http:\/\/desarrollo.grupomedios.com\/futbol\/wp-json\/wp\/v2\/types\/post"}],"author":[{"embeddable":true,"href":"http:\/\/desarrollo.grupomedios.com\/futbol\/wp-json\/wp\/v2\/users\/20"}],"replies":[{"embeddable":true,"href":"http:\/\/desarrollo.grupomedios.com\/futbol\/wp-json\/wp\/v2\/comments?post=457281"}],"version-history":[{"count":0,"href":"http:\/\/desarrollo.grupomedios.com\/futbol\/wp-json\/wp\/v2\/posts\/457281\/revisions"}],"wp:featuredmedia":[{"embeddable":true,"href":"http:\/\/desarrollo.grupomedios.com\/futbol\/wp-json\/wp\/v2\/media\/457300"}],"wp:attachment":[{"href":"http:\/\/desarrollo.grupomedios.com\/futbol\/wp-json\/wp\/v2\/media?parent=457281"}],"wp:term":[{"taxonomy":"category","embeddable":true,"href":"http:\/\/desarrollo.grupomedios.com\/futbol\/wp-json\/wp\/v2\/categories?post=457281"},{"taxonomy":"post_tag","embeddable":true,"href":"http:\/\/desarrollo.grupomedios.com\/futbol\/wp-json\/wp\/v2\/tags?post=457281"}],"curies":[{"name":"wp","href":"https:\/\/api.w.org\/{rel}","templated":true}]}}