{"id":457316,"date":"2017-02-01T12:11:55","date_gmt":"2017-02-01T18:11:55","guid":{"rendered":"https:\/\/www.futboltotal.com.mx\/?p=457316"},"modified":"2017-02-01T12:11:55","modified_gmt":"2017-02-01T18:11:55","slug":"diego-armando-maradona-acudira-a-harvard","status":"publish","type":"post","link":"http:\/\/desarrollo.grupomedios.com\/futbol\/uncategorized\/diego-armando-maradona-acudira-a-harvard\/2017\/02","title":{"rendered":"Maradona acudir\u00e1 a Harvard"},"content":{"rendered":"<p>El exastro del futbol <strong>Diego Armando Maradona<\/strong> asegur\u00f3 estar &#8220;encantado&#8221; de acudir a la Universidad de Harvard, donde fue invitado a dar una charla en el marco de un curso llamado <em>El juego global: futbol, pol\u00edtica y cultura popular<\/em>.<\/p>\n<p style=\"text-align: center;\"><a href=\"https:\/\/www.futboltotal.com.mx\/2017\/02\/chivas-estaria-buscando-a-cesar-luis-menotti\/\"><span style=\"color: #3366ff;\">LEER M\u00c1S: Chivas estar\u00eda buscando a C\u00e9sar Luis Menotti<\/span><\/a><\/p>\n<p>El campe\u00f3n del mundo con Argentina en M\u00e9xico 1986 comparti\u00f3 en su perfil de <em>Facebook<\/em> la invitaci\u00f3n de la universidad estadounidense, fechada el 19 de enero. Adem\u00e1s, en una entrevista con TyC Sports <strong>Diego Armando Maradona<\/strong> extern\u00f3: &#8220;Ojal\u00e1 que pueda entrar a Harvard, hablar del futbol que viv\u00ed y vivo cada d\u00eda, para que los americanos aprendan un poco m\u00e1s de futbol ya que est\u00e1n \u00e1vidos de escuchar a alguien que se la jug\u00f3 m\u00e1s de una vez&#8221;.<\/p>\n<p><a href=\"https:\/\/www.futboltotal.com.mx\/wp-content\/uploads\/2017\/02\/Screen-Shot-2017-02-01-at-11.55.05-AM.png\"><img decoding=\"async\" loading=\"lazy\" class=\"alignnone size-full wp-image-457318\" src=\"https:\/\/www.futboltotal.com.mx\/wp-content\/uploads\/2017\/02\/Screen-Shot-2017-02-01-at-11.55.05-AM.png\" alt=\"Maradona acudir\u00e1 a Harvard 0\" srcset=\"http:\/\/desarrollo.grupomedios.com\/futbol\/wp-content\/uploads\/2017\/02\/Screen-Shot-2017-02-01-at-11.55.05-AM.png 820w, http:\/\/desarrollo.grupomedios.com\/futbol\/wp-content\/uploads\/2017\/02\/Screen-Shot-2017-02-01-at-11.55.05-AM-300x178.png 300w, http:\/\/desarrollo.grupomedios.com\/futbol\/wp-content\/uploads\/2017\/02\/Screen-Shot-2017-02-01-at-11.55.05-AM-768x455.png 768w\" sizes=\"(max-width: 820px) 100vw, 820px\" \/><\/a><\/p>\n<p>La prestigiosa universidad emiti\u00f3 un comunicado en el que destaca la visita del exastro del futbol: &#8220;Su presencia en Harvard constituir\u00eda una oportunidad formidable para nuestros estudiantes y para toda la comunidad acad\u00e9mica de aprender sobre la vida y las haza\u00f1as del mejor jugador de la historia&#8221;.<\/p>\n<p style=\"text-align: center;\"><a href=\"https:\/\/www.futboltotal.com.mx\/2017\/02\/certeza-conte-mourinho-asegura-eden-hazard\/\"><span style=\"color: #3366ff;\">LEER M\u00c1S: Hay m\u00e1s certeza con Conte que con Mourinho, asegura Hazard<\/span><\/a><\/p>\n<p>Aunque no se detalla la fecha de la visita, el texto informa que ser\u00e1 durante la primavera de 2017 y a\u00f1ade: &#8220;Ser\u00e1 el complemento m\u00e1s perfecto para nuestras conferencias sobre historia, sociolog\u00eda y est\u00e9tica del futbol&#8221;.<\/p>\n<p><b>S\u00edguenos en <span id=\"m_4542221468013013174goog_2054972132\"><\/span>Twitter <a href=\"https:\/\/twitter.com\/MXFutbolTotal\" target=\"_blank\" data-saferedirecturl=\"https:\/\/www.google.com\/url?hl=es&amp;q=https:\/\/twitter.com\/MXFutbolTotal&amp;source=gmail&amp;ust=1486050753446000&amp;usg=AFQjCNGgNRxHR3lK5fj2mauuStsPI5VI-g\">@MXFutbolTotal<\/a><\/b><\/p>\n","protected":false},"excerpt":{"rendered":"<p>Dar\u00e1 una charla en el marco de un curso llamado El juego global: futbol, pol\u00edtica y cultura popular.<\/p>\n","protected":false},"author":20,"featured_media":457324,"comment_status":"closed","ping_status":"closed","sticky":false,"template":"","format":"standard","meta":[],"categories":[1],"tags":[690],"_links":{"self":[{"href":"http:\/\/desarrollo.grupomedios.com\/futbol\/wp-json\/wp\/v2\/posts\/457316"}],"collection":[{"href":"http:\/\/desarrollo.grupomedios.com\/futbol\/wp-json\/wp\/v2\/posts"}],"about":[{"href":"http:\/\/desarrollo.grupomedios.com\/futbol\/wp-json\/wp\/v2\/types\/post"}],"author":[{"embeddable":true,"href":"http:\/\/desarrollo.grupomedios.com\/futbol\/wp-json\/wp\/v2\/users\/20"}],"replies":[{"embeddable":true,"href":"http:\/\/desarrollo.grupomedios.com\/futbol\/wp-json\/wp\/v2\/comments?post=457316"}],"version-history":[{"count":0,"href":"http:\/\/desarrollo.grupomedios.com\/futbol\/wp-json\/wp\/v2\/posts\/457316\/revisions"}],"wp:featuredmedia":[{"embeddable":true,"href":"http:\/\/desarrollo.grupomedios.com\/futbol\/wp-json\/wp\/v2\/media\/457324"}],"wp:attachment":[{"href":"http:\/\/desarrollo.grupomedios.com\/futbol\/wp-json\/wp\/v2\/media?parent=457316"}],"wp:term":[{"taxonomy":"category","embeddable":true,"href":"http:\/\/desarrollo.grupomedios.com\/futbol\/wp-json\/wp\/v2\/categories?post=457316"},{"taxonomy":"post_tag","embeddable":true,"href":"http:\/\/desarrollo.grupomedios.com\/futbol\/wp-json\/wp\/v2\/tags?post=457316"}],"curies":[{"name":"wp","href":"https:\/\/api.w.org\/{rel}","templated":true}]}}