{"id":457508,"date":"2017-02-01T19:49:46","date_gmt":"2017-02-02T01:49:46","guid":{"rendered":"https:\/\/www.futboltotal.com.mx\/?p=457508"},"modified":"2017-02-01T19:49:46","modified_gmt":"2017-02-02T01:49:46","slug":"en-mexico-equipos-importantes-boca-pizarro","status":"publish","type":"post","link":"http:\/\/desarrollo.grupomedios.com\/futbol\/destacado-home\/en-mexico-equipos-importantes-boca-pizarro\/2017\/02","title":{"rendered":"\u201cEn M\u00e9xico hay equipos m\u00e1s importantes que Boca\u201d: Pizarro"},"content":{"rendered":"<p>En conferencia de prensa previa al partido amistoso que sostendr\u00e1n <strong>Chivas<\/strong> y <strong>Boca Juniors<\/strong> por la supremac\u00eda hist\u00f3rica del continente, el volante <em>rojiblanco<\/em>, <strong>Rodolfo Pizarro<\/strong>, mencion\u00f3 que tomar\u00e1n el encuentro con profesionalismo, aunque no ve a los <em>Xeneizes<\/em>, como un cuadro de rango importante.<\/p>\n<p>\u201cAqu\u00ed en M\u00e9xico hay equipos m\u00e1s importantes que Boca Juniors, como <strong>Chivas<\/strong>, qui\u00e9n m\u00e1s; vamos a tomarlo con profesionalismo y hay que tratar de ganarlo\u201d, se\u00f1al\u00f3 el volante del <em>Reba\u00f1o Sagrado<\/em>.<\/p>\n<p style=\"text-align: center;\"><span style=\"color: #3366ff;\"><a style=\"color: #3366ff;\" href=\"https:\/\/www.futboltotal.com.mx\/2017\/02\/chivas-ficha-a-menotti-para-duelo-ante-boca-juniors\/\" target=\"_blank\"><strong>LEER M\u00c1S: Chivas invita a C\u00e9sar Luis Menotti para duelo ante Boca<\/strong><\/a><\/span><\/p>\n<blockquote class=\"twitter-video\" data-lang=\"es\">\n<p dir=\"ltr\" lang=\"es\">Dicen que es s\u00f3lo un amistoso <a href=\"https:\/\/twitter.com\/hashtag\/DueloDeGigantes?src=hash\">#DueloDeGigantes<\/a> en exclusiva por <a href=\"https:\/\/twitter.com\/hashtag\/ChivasTV?src=hash\">#ChivasTV<\/a> &#x1f1f2;&#x1f1fd;&#x1f1e6;&#x1f1f7;<\/p>\n<p>Transmitimos tu pasi\u00f3n, y tambi\u00e9n futbol. <a href=\"https:\/\/t.co\/7kEkp546rY\">pic.twitter.com\/7kEkp546rY<\/a><\/p>\n<p>\u2014 Chivas TV (@chivastvmx) <a href=\"https:\/\/twitter.com\/chivastvmx\/status\/826593827632865288\">1 de febrero de 2017<\/a><\/p><\/blockquote>\n<p><script async src=\"\/\/platform.twitter.com\/widgets.js\" charset=\"utf-8\"><\/script><\/p>\n<p>Por su parte, el delantero Alan Pulido, indic\u00f3 que el partido es trascendental porque podr\u00e1n representar orgullosamente a su pa\u00eds y a los colores del club al que pertenecen, al cual le tienen cari\u00f1o.<\/p>\n<p>\u201cPara m\u00ed es un orgullo defender mis colores, hay que tratar de aprovechar la oportunidad y levantar la mano\u201d, expuso Alan Pulido. A la conferencia tambi\u00e9n acudieron Edwin Hern\u00e1ndez, Jos\u00e9 Juan V\u00e1zquez y Jair Pereira.<\/p>\n<p><strong>S\u00edguenos en Twitter<\/strong>: <a href=\"https:\/\/twitter.com\/MXFutbolTotal\" target=\"_blank\">@MXFutbolTotal<\/a><\/p>\n","protected":false},"excerpt":{"rendered":"<p>El volante de las Chivas afirma que buscar\u00e1n ganar el partido ante los Xeneizes.<\/p>\n","protected":false},"author":20,"featured_media":457514,"comment_status":"closed","ping_status":"closed","sticky":false,"template":"","format":"standard","meta":[],"categories":[5,2198,3845],"tags":[1683,70,4908],"_links":{"self":[{"href":"http:\/\/desarrollo.grupomedios.com\/futbol\/wp-json\/wp\/v2\/posts\/457508"}],"collection":[{"href":"http:\/\/desarrollo.grupomedios.com\/futbol\/wp-json\/wp\/v2\/posts"}],"about":[{"href":"http:\/\/desarrollo.grupomedios.com\/futbol\/wp-json\/wp\/v2\/types\/post"}],"author":[{"embeddable":true,"href":"http:\/\/desarrollo.grupomedios.com\/futbol\/wp-json\/wp\/v2\/users\/20"}],"replies":[{"embeddable":true,"href":"http:\/\/desarrollo.grupomedios.com\/futbol\/wp-json\/wp\/v2\/comments?post=457508"}],"version-history":[{"count":0,"href":"http:\/\/desarrollo.grupomedios.com\/futbol\/wp-json\/wp\/v2\/posts\/457508\/revisions"}],"wp:featuredmedia":[{"embeddable":true,"href":"http:\/\/desarrollo.grupomedios.com\/futbol\/wp-json\/wp\/v2\/media\/457514"}],"wp:attachment":[{"href":"http:\/\/desarrollo.grupomedios.com\/futbol\/wp-json\/wp\/v2\/media?parent=457508"}],"wp:term":[{"taxonomy":"category","embeddable":true,"href":"http:\/\/desarrollo.grupomedios.com\/futbol\/wp-json\/wp\/v2\/categories?post=457508"},{"taxonomy":"post_tag","embeddable":true,"href":"http:\/\/desarrollo.grupomedios.com\/futbol\/wp-json\/wp\/v2\/tags?post=457508"}],"curies":[{"name":"wp","href":"https:\/\/api.w.org\/{rel}","templated":true}]}}