{"id":457619,"date":"2017-02-02T09:08:27","date_gmt":"2017-02-02T15:08:27","guid":{"rendered":"https:\/\/www.futboltotal.com.mx\/?p=457619"},"modified":"2017-02-02T09:08:27","modified_gmt":"2017-02-02T15:08:27","slug":"rakitic-descarta-salir-del-barcelona","status":"publish","type":"post","link":"http:\/\/desarrollo.grupomedios.com\/futbol\/futbol-internacional\/rakitic-descarta-salir-del-barcelona\/2017\/02","title":{"rendered":"Rakitic descarta salir del Barcelona"},"content":{"rendered":"<p>El internacional croata Ivan Rakitic seguir\u00e1 jugando en el Barcelona, club al que asegura pertenece su futuro y con el que cree a\u00fan es posible ganar esta temporada la Liga, ha afirmado en una entrevista que publica este jueves el diario Novi List.<\/p>\n<blockquote><p>&#8220;No creo en absoluto que todo est\u00e9 resuelto sobre qui\u00e9n ganar\u00e1 el t\u00edtulo de campe\u00f3n, aunque ahora no lo parezca as\u00ed en la clasificaci\u00f3n. Trataremos de estar a nuestro nivel en cada partido y lograr una serie de triunfos que nos devuelva a la competici\u00f3n&#8221;, asegura.<\/p><\/blockquote>\n<p>&#8220;\u00a1Por dios, no!&#8221;, afirma el futbolista al ser preguntado sobre si el club ha desistido de ganar el campeonato.<\/p>\n<p>Rakitic insiste tambi\u00e9n en su deseo de seguir en el equipo blaugrana.<\/p>\n<p style=\"text-align: center;\"><span style=\"color: #3366ff;\"><a style=\"color: #3366ff;\" href=\"https:\/\/www.futboltotal.com.mx\/2017\/02\/coras-da-reves-america-lider-de-grupo\/\">LEER M\u00c1S: Coras propina rev\u00e9s al Am\u00e9rica y es l\u00edder de grupo<\/a><\/span><\/p>\n<blockquote><p>&#8220;Mi futuro todav\u00eda pertenece \u00fanica y exclusivamente al Barcelona. Quiero seguir jugando aqu\u00ed, ganando trofeos, este es mi club. Hace ya tiempo que el club est\u00e1 preparando un nuevo contrato para m\u00ed, de modo que mi futuro en el Barcelona es muy seguro&#8221;, afirm\u00f3.<\/p><\/blockquote>\n<p>Con todo, Rakitic reconoce que ha habido momentos en los que no ha estado contento, como cuando qued\u00f3 fuera de la convocatoria ante el Villarreal el pasado enero.<\/p>\n<blockquote><p>&#8220;Ning\u00fan jugador del mundo est\u00e1 contento cuando no juega y yo tampoco soy una excepci\u00f3n. Admito que no me qued\u00e9 indiferente cuando, ante el partido con el Villareal a comienzos de enero, le\u00ed en el panel que no estaba entre los dieciocho jugadores que deb\u00edan viajar&#8221;, cuenta.<\/p><\/blockquote>\n<p>Sin embargo, explica que al d\u00eda siguiente el presidente y el director deportivo del club le explicaron que no se deb\u00eda preocupar y que su posici\u00f3n en el equipo no hab\u00eda cambiado. EFE<\/p>\n","protected":false},"excerpt":{"rendered":"<p>El croata no ha estado en la titularidad del conjunto Blaugrana.<\/p>\n","protected":false},"author":144,"featured_media":454409,"comment_status":"closed","ping_status":"closed","sticky":false,"template":"","format":"standard","meta":[],"categories":[3839,5951],"tags":[5984,687],"_links":{"self":[{"href":"http:\/\/desarrollo.grupomedios.com\/futbol\/wp-json\/wp\/v2\/posts\/457619"}],"collection":[{"href":"http:\/\/desarrollo.grupomedios.com\/futbol\/wp-json\/wp\/v2\/posts"}],"about":[{"href":"http:\/\/desarrollo.grupomedios.com\/futbol\/wp-json\/wp\/v2\/types\/post"}],"author":[{"embeddable":true,"href":"http:\/\/desarrollo.grupomedios.com\/futbol\/wp-json\/wp\/v2\/users\/144"}],"replies":[{"embeddable":true,"href":"http:\/\/desarrollo.grupomedios.com\/futbol\/wp-json\/wp\/v2\/comments?post=457619"}],"version-history":[{"count":0,"href":"http:\/\/desarrollo.grupomedios.com\/futbol\/wp-json\/wp\/v2\/posts\/457619\/revisions"}],"wp:featuredmedia":[{"embeddable":true,"href":"http:\/\/desarrollo.grupomedios.com\/futbol\/wp-json\/wp\/v2\/media\/454409"}],"wp:attachment":[{"href":"http:\/\/desarrollo.grupomedios.com\/futbol\/wp-json\/wp\/v2\/media?parent=457619"}],"wp:term":[{"taxonomy":"category","embeddable":true,"href":"http:\/\/desarrollo.grupomedios.com\/futbol\/wp-json\/wp\/v2\/categories?post=457619"},{"taxonomy":"post_tag","embeddable":true,"href":"http:\/\/desarrollo.grupomedios.com\/futbol\/wp-json\/wp\/v2\/tags?post=457619"}],"curies":[{"name":"wp","href":"https:\/\/api.w.org\/{rel}","templated":true}]}}