{"id":457633,"date":"2017-02-02T10:50:50","date_gmt":"2017-02-02T16:50:50","guid":{"rendered":"https:\/\/www.futboltotal.com.mx\/?p=457633"},"modified":"2017-02-02T10:51:14","modified_gmt":"2017-02-02T16:51:14","slug":"klopp-wenger-mejor-tratados-jose-mourinho","status":"publish","type":"post","link":"http:\/\/desarrollo.grupomedios.com\/futbol\/futbol-internacional\/klopp-wenger-mejor-tratados-jose-mourinho\/2017\/02","title":{"rendered":"Klopp y Wenger son mejor tratados que yo: Mourinho"},"content":{"rendered":"<p>El t\u00e9cnico del Manchester United, <strong>Jos\u00e9 Mourinho<\/strong>, declar\u00f3 que tanto el alem\u00e1n J\u00fcrgen Klopp, como el franc\u00e9s Arsene Wenger, t\u00e9cnicos del Liverpool y del Arsenal, respectivamente, cuentan con trato preferencial de los \u00e1rbitros de la Premier League comparado con \u00e9l.<\/p>\n<p style=\"text-align: center;\"><a href=\"https:\/\/www.futboltotal.com.mx\/2017\/02\/frank-lampard-anuncia-retiro\/\"><span style=\"color: #3366ff;\">LEER M\u00c1S: Frank Lampard pone fin a su leyenda<\/span><\/a><\/p>\n<p><em>The Special One<\/em> se\u00f1al\u00f3 esto durante su conferencia, en la cual manifest\u00f3 su enfado en contra de un reportero de la BBC cuando le dijo: &#8220;No deber\u00edas de tener un micr\u00f3fono si no sabes de futbol&#8221;.<\/p>\n<p>La molestia de Mourinho proviene del noveno empate para el equipo en lo que va del torneo, el tercero consecutivo, luego del 0-0 ante el Hull City de este mi\u00e9rcoles, partido en el que el t\u00e9cnico reclam\u00f3 las decisiones del \u00e1rbitro Mike Jones y sus asistentes. &#8220;Si hablo, soy castigado y no quiero que as\u00ed sea&#8221;, declar\u00f3 luego de enumerar ejemplos en los cuales percibe decisiones injustas en su contra, incluida su expulsi\u00f3n durante el empate a 0-0 anye Burnley el pasado mes de octubre, en el cual Rui Faria, su asistente, fue suspendido por seis partidos.<\/p>\n<p style=\"text-align: center;\"><a href=\"https:\/\/www.futboltotal.com.mx\/2017\/02\/dortmund-pide-a-aubameyang-hablar\/\"><span style=\"color: #3366ff;\">LEER M\u00c1S: Dortmund pide a Aubameyang no hablar de su futuro<\/span><\/a><\/p>\n<p>&#8220;Las reglas se aplican de forma distinta sobre m\u00ed. He tenido que ver a mi equipo desde el hotel porque he sido suspendido para ir al estadio y eso que yo no he empujado a nadie. Ayer un cuarto oficial dijo que le gust\u00f3 mucho la pasi\u00f3n de un t\u00e9cnico, por eso digo que las cosas sobre m\u00ed se valoran de forma distinta&#8221;, se\u00f1al\u00f3 <strong>Jos\u00e9 Mourinho<\/strong>, quien hizo referencia a la suspensi\u00f3n para estar en el banquillo a la que fue objeto Wenger luego de empujar al cuarto oficial en el triunfo por 2-1 sobre el Burnley del mes pasado y al reclamo airado de Klopp al cuarto oficial durante el juego del martes que termin\u00f3 1-1 entre Liverpool y Chelsea.<\/p>\n<p><b>S\u00edguenos en <span id=\"m_2100896950476950634goog_2054972132\"><\/span>Twitter <a href=\"https:\/\/twitter.com\/MXFutbolTotal\" target=\"_blank\" data-saferedirecturl=\"https:\/\/www.google.com\/url?hl=es&amp;q=https:\/\/twitter.com\/MXFutbolTotal&amp;source=gmail&amp;ust=1486134903904000&amp;usg=AFQjCNFU5nh0muvwVuArWCzHQK_qqb5uZA\">@MXFutbolTotal<\/a><\/b><\/p>\n","protected":false},"excerpt":{"rendered":"<p>El luso asegura que los \u00e1rbitros son m\u00e1s severos con \u00e9l.<\/p>\n","protected":false},"author":20,"featured_media":457641,"comment_status":"closed","ping_status":"closed","sticky":false,"template":"","format":"standard","meta":[],"categories":[3839,3846,5951],"tags":[6044,2177,288,2863,5989,43],"_links":{"self":[{"href":"http:\/\/desarrollo.grupomedios.com\/futbol\/wp-json\/wp\/v2\/posts\/457633"}],"collection":[{"href":"http:\/\/desarrollo.grupomedios.com\/futbol\/wp-json\/wp\/v2\/posts"}],"about":[{"href":"http:\/\/desarrollo.grupomedios.com\/futbol\/wp-json\/wp\/v2\/types\/post"}],"author":[{"embeddable":true,"href":"http:\/\/desarrollo.grupomedios.com\/futbol\/wp-json\/wp\/v2\/users\/20"}],"replies":[{"embeddable":true,"href":"http:\/\/desarrollo.grupomedios.com\/futbol\/wp-json\/wp\/v2\/comments?post=457633"}],"version-history":[{"count":0,"href":"http:\/\/desarrollo.grupomedios.com\/futbol\/wp-json\/wp\/v2\/posts\/457633\/revisions"}],"wp:featuredmedia":[{"embeddable":true,"href":"http:\/\/desarrollo.grupomedios.com\/futbol\/wp-json\/wp\/v2\/media\/457641"}],"wp:attachment":[{"href":"http:\/\/desarrollo.grupomedios.com\/futbol\/wp-json\/wp\/v2\/media?parent=457633"}],"wp:term":[{"taxonomy":"category","embeddable":true,"href":"http:\/\/desarrollo.grupomedios.com\/futbol\/wp-json\/wp\/v2\/categories?post=457633"},{"taxonomy":"post_tag","embeddable":true,"href":"http:\/\/desarrollo.grupomedios.com\/futbol\/wp-json\/wp\/v2\/tags?post=457633"}],"curies":[{"name":"wp","href":"https:\/\/api.w.org\/{rel}","templated":true}]}}