{"id":457636,"date":"2017-02-02T10:34:02","date_gmt":"2017-02-02T16:34:02","guid":{"rendered":"https:\/\/www.futboltotal.com.mx\/?p=457636"},"modified":"2017-02-02T10:34:02","modified_gmt":"2017-02-02T16:34:02","slug":"dortmund-pide-a-aubameyang-hablar","status":"publish","type":"post","link":"http:\/\/desarrollo.grupomedios.com\/futbol\/futbol-internacional\/dortmund-pide-a-aubameyang-hablar\/2017\/02","title":{"rendered":"Dortmund pide a Aubameyang no hablar de su futuro"},"content":{"rendered":"<p>Desde que <strong>Pierre-Emerick Aubameyang<\/strong> revel\u00f3 que uno de sus m\u00e1s grandes sue\u00f1os era jugar en el Real Madrid -entre otras cosas para cumplir una promesa que le hizo a su abuelo antes de morir-, la prensa internacional no ha dejado de cuestionarlo sobre su futuro.<\/p>\n<p>La situaci\u00f3n no fue del agrado de la directiva del Borussia Dortmund, club con quien el gabon\u00e9s tiene contrato hasta 2010. Por ello, Michael Zorc, director deportivo de la entidad, no tuvo otra alternativa que pedir al goleador gabon\u00e9s que dejara a un lado el tema de su posible salida.<\/p>\n<p style=\"text-align: center;\"><span style=\"color: #3366ff;\">LEER M\u00c1S: Todas las noticia de futbol internacional\u00a0<\/span><\/p>\n<p style=\"text-align: center;\">\n<p>Este jueves medios internacionales se\u00f1alan que el dirigente habr\u00eda tenido una seria pl\u00e1tica con el jugador en la que lo habr\u00eda reprendido; sin embargo, el directivo revel\u00f3 al diario local<em> WAZ<\/em> como sucedieron las cosas:\u00a0&#8220;Hablamos r\u00e1pidamente y le aconsej\u00e9 que diera menos entrevistas para hablar de su futuro&#8221;.<\/p>\n<blockquote><p>&#8220;Mi mayor petici\u00f3n fue que\u00a0se concentrara en la clasificaci\u00f3n para la Liga de Campeones&#8221;, agreg\u00f3 Zorc.<\/p><\/blockquote>\n<p style=\"text-align: left;\">Durante el mercado de fichajes invernal,\u00a0<strong>Aubameyang<\/strong> habl\u00f3 m\u00e1s de la cuenta y se\u00f1al\u00f3 a medios internacionales que ten\u00eda la intenci\u00f3n de salir del club a finales de la presente temporada. Lo hizo despu\u00e9s de que\u00a0Hans Joschim Watzke, director administrativo del club, se\u00f1alara que escuchar\u00eda ofertas solo por una cifra cercana a los 80 millones de euros y si las mismas llegan de alg\u00fan club importante, a excepci\u00f3n de su archirrival Bayern M\u00fanich.<\/p>\n<p style=\"text-align: left;\">Aclarados los malos entendidos, <strong>Aubameyang<\/strong> ahora tiene el compromiso de ayudar al <strong>Dortmund<\/strong> a lograr el pase a los Cuartos de Final ante el Benfica. Pero antes tendr\u00e1 que disputar un par de partidos de la Bundesliga ante el RB Leipzing y Hertha Berlin, rivales directos en la lucha por la clasificaci\u00f3n.<\/p>\n<p>&nbsp;<\/p>\n","protected":false},"excerpt":{"rendered":"<p>Al gabon\u00e9s le exigieron concentrarse en la lucha por ganar la Champions League. <\/p>\n","protected":false},"author":20,"featured_media":457637,"comment_status":"closed","ping_status":"closed","sticky":false,"template":"","format":"standard","meta":[],"categories":[3839,6822,5951],"tags":[6047,36,8161],"_links":{"self":[{"href":"http:\/\/desarrollo.grupomedios.com\/futbol\/wp-json\/wp\/v2\/posts\/457636"}],"collection":[{"href":"http:\/\/desarrollo.grupomedios.com\/futbol\/wp-json\/wp\/v2\/posts"}],"about":[{"href":"http:\/\/desarrollo.grupomedios.com\/futbol\/wp-json\/wp\/v2\/types\/post"}],"author":[{"embeddable":true,"href":"http:\/\/desarrollo.grupomedios.com\/futbol\/wp-json\/wp\/v2\/users\/20"}],"replies":[{"embeddable":true,"href":"http:\/\/desarrollo.grupomedios.com\/futbol\/wp-json\/wp\/v2\/comments?post=457636"}],"version-history":[{"count":0,"href":"http:\/\/desarrollo.grupomedios.com\/futbol\/wp-json\/wp\/v2\/posts\/457636\/revisions"}],"wp:featuredmedia":[{"embeddable":true,"href":"http:\/\/desarrollo.grupomedios.com\/futbol\/wp-json\/wp\/v2\/media\/457637"}],"wp:attachment":[{"href":"http:\/\/desarrollo.grupomedios.com\/futbol\/wp-json\/wp\/v2\/media?parent=457636"}],"wp:term":[{"taxonomy":"category","embeddable":true,"href":"http:\/\/desarrollo.grupomedios.com\/futbol\/wp-json\/wp\/v2\/categories?post=457636"},{"taxonomy":"post_tag","embeddable":true,"href":"http:\/\/desarrollo.grupomedios.com\/futbol\/wp-json\/wp\/v2\/tags?post=457636"}],"curies":[{"name":"wp","href":"https:\/\/api.w.org\/{rel}","templated":true}]}}