{"id":457657,"date":"2017-02-02T11:41:15","date_gmt":"2017-02-02T17:41:15","guid":{"rendered":"https:\/\/www.futboltotal.com.mx\/?p=457657"},"modified":"2017-02-02T11:41:15","modified_gmt":"2017-02-02T17:41:15","slug":"leverkusen-pierde-a-calhanoglu-suspension-fifa","status":"publish","type":"post","link":"http:\/\/desarrollo.grupomedios.com\/futbol\/futbol-internacional\/leverkusen-pierde-a-calhanoglu-suspension-fifa\/2017\/02","title":{"rendered":"Leverkusen pierde a Calhanoglu por suspensi\u00f3n de FIFA"},"content":{"rendered":"<p>El Tribunal de Arbitraje Deportivo (TAS) rechaz\u00f3 el recurso del jugador turco <strong>Hakan Calhanoglu<\/strong> contra la decisi\u00f3n de la FIFA de sancionarle durante cuatro meses por rescindir sin motivo su contrato con el club Trabzonspor, al que debe abonar 100.000 euros como compensaci\u00f3n.<\/p>\n<p>https:\/\/twitter.com\/bayer04fussball\/status\/827202112815767553<\/p>\n<p>El TAS record\u00f3 que el caso de Calhanoglu fue abordado en abril de 2013 por la C\u00e1mara de Resoluci\u00f3n de Disputas de la FIFA, despu\u00e9s de que el Trabzonspor denunciara al jugador por incumplir su contrato despu\u00e9s de firmar otro con el equipo alem\u00e1n Karlsruher y le impuso la sanci\u00f3n de cuatro meses a\u00f1os despu\u00e9s en marzo de 2016.<\/p>\n<p style=\"text-align: center;\"><span style=\"color: #3366ff;\"><a style=\"color: #3366ff;\" href=\"https:\/\/www.futboltotal.com.mx\/2017\/02\/charla-charly-mauro-boselli-una-fiera-goleadora\/\">LEER M\u00c1S: Charla con Charly | Mauro Boselli, una Fiera goleadora<\/a><\/span><\/p>\n<p>Tras recibir los fundamentos de la decisi\u00f3n de la FIFA las dos partes recurrieron al TAS. El futbolista pidi\u00f3 la suspensi\u00f3n cautelar del castigo y el club pidi\u00f3 una indemnizaci\u00f3n de un mill\u00f3n de d\u00f3lares y un pago por adelantado de 100.000 euros.<\/p>\n<p>El panel del TAS encargado del caso resolvi\u00f3 los dos recursos en un \u00fanico procedimiento y acord\u00f3 desestimar la reclamaci\u00f3n del jugador y aceptar solo en parte la petici\u00f3n del equipo, al que el futbolista tendr\u00e1 que pagar una cantidad de 100.000 euros como compensaci\u00f3n por incumplimiento de contrato. EFE<\/p>\n","protected":false},"excerpt":{"rendered":"<p>El TAS rechaz\u00f3 el recurso del jugador turco.<\/p>\n","protected":false},"author":144,"featured_media":457661,"comment_status":"closed","ping_status":"closed","sticky":false,"template":"","format":"standard","meta":[],"categories":[3839,5951],"tags":[4335],"_links":{"self":[{"href":"http:\/\/desarrollo.grupomedios.com\/futbol\/wp-json\/wp\/v2\/posts\/457657"}],"collection":[{"href":"http:\/\/desarrollo.grupomedios.com\/futbol\/wp-json\/wp\/v2\/posts"}],"about":[{"href":"http:\/\/desarrollo.grupomedios.com\/futbol\/wp-json\/wp\/v2\/types\/post"}],"author":[{"embeddable":true,"href":"http:\/\/desarrollo.grupomedios.com\/futbol\/wp-json\/wp\/v2\/users\/144"}],"replies":[{"embeddable":true,"href":"http:\/\/desarrollo.grupomedios.com\/futbol\/wp-json\/wp\/v2\/comments?post=457657"}],"version-history":[{"count":0,"href":"http:\/\/desarrollo.grupomedios.com\/futbol\/wp-json\/wp\/v2\/posts\/457657\/revisions"}],"wp:featuredmedia":[{"embeddable":true,"href":"http:\/\/desarrollo.grupomedios.com\/futbol\/wp-json\/wp\/v2\/media\/457661"}],"wp:attachment":[{"href":"http:\/\/desarrollo.grupomedios.com\/futbol\/wp-json\/wp\/v2\/media?parent=457657"}],"wp:term":[{"taxonomy":"category","embeddable":true,"href":"http:\/\/desarrollo.grupomedios.com\/futbol\/wp-json\/wp\/v2\/categories?post=457657"},{"taxonomy":"post_tag","embeddable":true,"href":"http:\/\/desarrollo.grupomedios.com\/futbol\/wp-json\/wp\/v2\/tags?post=457657"}],"curies":[{"name":"wp","href":"https:\/\/api.w.org\/{rel}","templated":true}]}}