{"id":457693,"date":"2017-02-02T13:20:46","date_gmt":"2017-02-02T19:20:46","guid":{"rendered":"https:\/\/www.futboltotal.com.mx\/?p=457693"},"modified":"2017-02-02T13:20:46","modified_gmt":"2017-02-02T19:20:46","slug":"ronaldinho-regresa-al-barcelona","status":"publish","type":"post","link":"http:\/\/desarrollo.grupomedios.com\/futbol\/futbol-internacional\/ronaldinho-regresa-al-barcelona\/2017\/02","title":{"rendered":"Ronaldinho regresa al Barcelona"},"content":{"rendered":"<p>El <strong>FC Barcelona<\/strong> y Ronaldinho han llegado a un acuerdo para que el astro brasile\u00f1o se convierta en embajador y representante del Club en diferentes actos y eventos durante los pr\u00f3ximos diez a\u00f1os.<\/p>\n<p>https:\/\/twitter.com\/FCBarcelona_es\/status\/827224207197163520<\/p>\n<p>Adem\u00e1s, Ronaldinho tambi\u00e9n formar\u00e1 parte del proyecto Legends , el equipo de ex jugadores que, mediante los partidos en todo el mundo, contribuye a la tarea de globalizaci\u00f3n de la marca Bar\u00e7a y sus valores, y participar\u00e1 en cl\u00ednicos, sesiones de entrenamiento y actos institucionales, entre otros eventos organizados por el Club.<\/p>\n<p style=\"text-align: center;\"><span style=\"color: #3366ff;\"><a style=\"color: #3366ff;\" href=\"https:\/\/www.futboltotal.com.mx\/2017\/02\/frank-lampard-anuncia-retiro\/\">LEER M\u00c1S: Frank Lampard pone fin a su leyenda<\/a><\/span><\/p>\n<p>Ronaldinho tambi\u00e9n participar\u00e1 en actividades de la Fundaci\u00f3n del FC Barcelona con actos relacionados con UNICEF . El proyecto Mas\u00eda 360 ser\u00e1 otro de los proyectos del Club en el que el ex jugador brasile\u00f1o estar\u00e1 presente y participar\u00e1 en la formaci\u00f3n y coaching de los deportistas adheridos.<br \/>\nEl acuerdo se firmar\u00e1 ma\u00f1ana, viernes, a las 17.30 h en la Palco del Camp Nou con la presencia de Ronaldinho y el presidente Josep Maria Bartomeu . A continuaci\u00f3n, los medios gr\u00e1ficos podr\u00e1n captar una sesi\u00f3n de im\u00e1genes con el crack brasile\u00f1o en el Museo.<\/p>\n<p>*Con informaci\u00f3n del FC Barcelona<\/p>\n","protected":false},"excerpt":{"rendered":"<p>&#8216;Dinho&#8217; ser\u00e1 embajador del club por los pr\u00f3ximos 10 a\u00f1os.<\/p>\n","protected":false},"author":20,"featured_media":425161,"comment_status":"closed","ping_status":"closed","sticky":false,"template":"","format":"standard","meta":[],"categories":[3839],"tags":[5984,5997],"_links":{"self":[{"href":"http:\/\/desarrollo.grupomedios.com\/futbol\/wp-json\/wp\/v2\/posts\/457693"}],"collection":[{"href":"http:\/\/desarrollo.grupomedios.com\/futbol\/wp-json\/wp\/v2\/posts"}],"about":[{"href":"http:\/\/desarrollo.grupomedios.com\/futbol\/wp-json\/wp\/v2\/types\/post"}],"author":[{"embeddable":true,"href":"http:\/\/desarrollo.grupomedios.com\/futbol\/wp-json\/wp\/v2\/users\/20"}],"replies":[{"embeddable":true,"href":"http:\/\/desarrollo.grupomedios.com\/futbol\/wp-json\/wp\/v2\/comments?post=457693"}],"version-history":[{"count":0,"href":"http:\/\/desarrollo.grupomedios.com\/futbol\/wp-json\/wp\/v2\/posts\/457693\/revisions"}],"wp:featuredmedia":[{"embeddable":true,"href":"http:\/\/desarrollo.grupomedios.com\/futbol\/wp-json\/wp\/v2\/media\/425161"}],"wp:attachment":[{"href":"http:\/\/desarrollo.grupomedios.com\/futbol\/wp-json\/wp\/v2\/media?parent=457693"}],"wp:term":[{"taxonomy":"category","embeddable":true,"href":"http:\/\/desarrollo.grupomedios.com\/futbol\/wp-json\/wp\/v2\/categories?post=457693"},{"taxonomy":"post_tag","embeddable":true,"href":"http:\/\/desarrollo.grupomedios.com\/futbol\/wp-json\/wp\/v2\/tags?post=457693"}],"curies":[{"name":"wp","href":"https:\/\/api.w.org\/{rel}","templated":true}]}}